{"id":9904,"date":"2025-04-03T09:52:38","date_gmt":"2025-04-03T12:52:38","guid":{"rendered":"https:\/\/www.mussicom.com\/?p=9904"},"modified":"2025-04-03T09:52:38","modified_gmt":"2025-04-03T12:52:38","slug":"petrobras-diz-que-petroleo-em-frente-a-cidade-de-santos-e-significativo","status":"publish","type":"post","link":"https:\/\/mussicom.com\/noticias\/petrobras-diz-que-petroleo-em-frente-a-cidade-de-santos-e-significativo\/","title":{"rendered":"Petrobras diz que petr\u00f3leo em frente \u00e0 cidade de Santos \u00e9 &#8216;significativo&#8217;"},"content":{"rendered":"<h3 class=\"wp-block-heading\" id=\"estatal-aguarda-conclusao-de-testes-para-confirmar-volume-de-petroleo-e-gas-natural-no-bloco-de-aram\"><strong>Estatal aguarda conclus\u00e3o de testes para confirmar volume de petr\u00f3leo e g\u00e1s natural no Bloco de Aram<\/strong><\/h3>\n\n\n<p>A <strong>Petrobras<\/strong> confirmou que a reserva de petr\u00f3leo e g\u00e1s natural descoberta no po\u00e7o <strong>4-BRSA-1395-SPS<\/strong>, a <strong>245 quil\u00f4metros da costa de Santos<\/strong>, \u00e9 <strong>\u201csignificativa\u201d<\/strong>. A declara\u00e7\u00e3o foi feita ontem pela diretora executiva de Explora\u00e7\u00e3o e Produ\u00e7\u00e3o da estatal, <strong>Sylvia Maria Couto dos Anjos<\/strong>, durante um evento no <strong>Rio de Janeiro<\/strong>.<\/p>\n\n\n\n<p>A descoberta, anunciada em <strong>17 de mar\u00e7o<\/strong>, integra o <strong>Bloco de Aram<\/strong>, localizado no pr\u00e9-sal da <strong>Bacia de Santos<\/strong>. No entanto, a Petrobras ainda aguarda a finaliza\u00e7\u00e3o de testes para determinar <strong>o volume exato<\/strong> da reserva. A explora\u00e7\u00e3o segue com a perfura\u00e7\u00e3o do po\u00e7o at\u00e9 a profundidade prevista para analisar as condi\u00e7\u00f5es do reservat\u00f3rio.<\/p>\n\n\n<h3 class=\"wp-block-heading\" id=\"impacto-e-investimentos\"><strong>Impacto e Investimentos<\/strong><\/h3>\n\n\n<p>A <strong>Petrobras<\/strong> det\u00e9m <strong>80%<\/strong> de participa\u00e7\u00e3o no Bloco de Aram, enquanto os outros <strong>20%<\/strong> pertencem \u00e0 estatal chinesa <strong>China National Petroleum Corporation (CNPC)<\/strong>. A confirma\u00e7\u00e3o da presen\u00e7a de hidrocarbonetos ocorreu por meio de perfis el\u00e9tricos, ind\u00edcios de g\u00e1s e amostras de fluido, que est\u00e3o sendo analisadas em laborat\u00f3rio.<\/p>\n\n\n\n<p>A explora\u00e7\u00e3o dessa nova reserva poder\u00e1 <strong>adiantar em um ano<\/strong> o pico de produ\u00e7\u00e3o planejado pela Petrobras, segundo Sylvia Maria. Entretanto, <strong>ainda n\u00e3o h\u00e1 previs\u00e3o oficial para o in\u00edcio da produ\u00e7\u00e3o<\/strong> no local.<\/p>\n\n\n<h3 class=\"wp-block-heading\" id=\"royalties-e-beneficios-para-santos\"><strong>Royalties e Benef\u00edcios para Santos<\/strong><\/h3>\n\n\n<p>A futura extra\u00e7\u00e3o de petr\u00f3leo e g\u00e1s natural pode gerar <strong>milh\u00f5es de reais<\/strong> anualmente para a Prefeitura de Santos, por meio de <strong>royalties<\/strong> e <strong>participa\u00e7\u00f5es especiais<\/strong>.<\/p>\n\n\n\n<p>De acordo com as diretrizes, <strong>50% desses recursos<\/strong> dever\u00e3o ser destinados \u00e0 <strong>educa\u00e7\u00e3o<\/strong>, enquanto o restante poder\u00e1 ser investido em <strong>infraestrutura<\/strong> e <strong>prote\u00e7\u00e3o ambiental<\/strong>.<\/p>\n\n\n<h3 class=\"wp-block-heading\" id=\"outras-descobertas\"><strong>Outras Descobertas<\/strong><\/h3>\n\n\n<p>Al\u00e9m do Bloco de Aram, a Petrobras tamb\u00e9m anunciou em mar\u00e7o a descoberta de <strong>hidrocarbonetos<\/strong> no <strong>Bloco Norte de Brava, na Bacia de Campos<\/strong>, e em um po\u00e7o na <strong>regi\u00e3o oeste do Campo de B\u00fazios<\/strong>, ambos no litoral do Rio de Janeiro.<\/p>\n\n\n\n<p>O <strong>Bloco de Aram<\/strong> foi arrematado pela Petrobras na <strong>6\u00aa rodada de licita\u00e7\u00f5es da Ag\u00eancia Nacional do Petr\u00f3leo (ANP)<\/strong>, em mar\u00e7o de 2020, sob o regime de <strong>Partilha de Produ\u00e7\u00e3o<\/strong>. A gest\u00e3o do contrato \u00e9 realizada pela <strong>Pr\u00e9-Sal Petr\u00f3leo S.A. (PPSA)<\/strong>.<\/p>\n\n\n\n<p>Fonte: <a href=\"https:\/\/www.diariodolitoral.com.br\/cotidiano\/petrobras-diz-que-petroleo-em-frente-a-cidade-de-santos-e\/193387\/\" data-type=\"link\" data-id=\"https:\/\/www.diariodolitoral.com.br\/cotidiano\/petrobras-diz-que-petroleo-em-frente-a-cidade-de-santos-e\/193387\/\">Di\u00e1rio do Litoral<\/a><\/p>\n\n\n\n<p><\/p>\n","protected":false},"excerpt":{"rendered":"<p>Estatal aguarda conclus\u00e3o de testes para confirmar volume de petr\u00f3leo e g\u00e1s natural no Bloco de Aram A Petrobras confirmou que a reserva de petr\u00f3leo e g\u00e1s natural descoberta no po\u00e7o 4-BRSA-1395-SPS, a 245 quil\u00f4metros da costa de Santos, \u00e9 \u201csignificativa\u201d. A declara\u00e7\u00e3o foi feita ontem pela diretora executiva de Explora\u00e7\u00e3o e Produ\u00e7\u00e3o da estatal, [&hellip;]<\/p>\n","protected":false},"author":5,"featured_media":9907,"comment_status":"open","ping_status":"open","sticky":false,"template":"","format":"standard","meta":{"_seopress_robots_primary_cat":"none","_seopress_titles_title":"","_seopress_titles_desc":"","_seopress_robots_index":"","footnotes":""},"categories":[3,52,1],"tags":[],"class_list":["post-9904","post","type-post","status-publish","format-standard","has-post-thumbnail","hentry","category-destaques","category-santoseregiao","category-ultimas-noticias"],"_links":{"self":[{"href":"https:\/\/mussicom.com\/noticias\/wp-json\/wp\/v2\/posts\/9904","targetHints":{"allow":["GET"]}}],"collection":[{"href":"https:\/\/mussicom.com\/noticias\/wp-json\/wp\/v2\/posts"}],"about":[{"href":"https:\/\/mussicom.com\/noticias\/wp-json\/wp\/v2\/types\/post"}],"author":[{"embeddable":true,"href":"https:\/\/mussicom.com\/noticias\/wp-json\/wp\/v2\/users\/5"}],"replies":[{"embeddable":true,"href":"https:\/\/mussicom.com\/noticias\/wp-json\/wp\/v2\/comments?post=9904"}],"version-history":[{"count":1,"href":"https:\/\/mussicom.com\/noticias\/wp-json\/wp\/v2\/posts\/9904\/revisions"}],"predecessor-version":[{"id":9908,"href":"https:\/\/mussicom.com\/noticias\/wp-json\/wp\/v2\/posts\/9904\/revisions\/9908"}],"wp:featuredmedia":[{"embeddable":true,"href":"https:\/\/mussicom.com\/noticias\/wp-json\/wp\/v2\/media\/9907"}],"wp:attachment":[{"href":"https:\/\/mussicom.com\/noticias\/wp-json\/wp\/v2\/media?parent=9904"}],"wp:term":[{"taxonomy":"category","embeddable":true,"href":"https:\/\/mussicom.com\/noticias\/wp-json\/wp\/v2\/categories?post=9904"},{"taxonomy":"post_tag","embeddable":true,"href":"https:\/\/mussicom.com\/noticias\/wp-json\/wp\/v2\/tags?post=9904"}],"curies":[{"name":"wp","href":"https:\/\/api.w.org\/{rel}","templated":true}]}}