{"id":9898,"date":"2025-04-03T09:15:35","date_gmt":"2025-04-03T12:15:35","guid":{"rendered":"https:\/\/www.mussicom.com\/franca-alerta-para-risco-de-guerra-com-o-ira-caso-nao-haja-novo-acordo-nuclear\/"},"modified":"2025-04-03T09:15:35","modified_gmt":"2025-04-03T12:15:35","slug":"franca-alerta-para-risco-de-guerra-com-o-ira-caso-nao-haja-novo-acordo-nuclear","status":"publish","type":"post","link":"https:\/\/mussicom.com\/noticias\/franca-alerta-para-risco-de-guerra-com-o-ira-caso-nao-haja-novo-acordo-nuclear\/","title":{"rendered":"Fran\u00e7a alerta para risco de guerra com o Ir\u00e3 caso n\u00e3o haja novo acordo nuclear"},"content":{"rendered":"<p> <br \/>\n<\/p>\n<div id=\"hd80s9wa1h892edh8192\">\n<p>O ministro das Rela\u00e7\u00f5es Exteriores da Fran\u00e7a, Jean-No\u00ebl Barrot, fez um alerta direto nesta quarta-feira, 2. Para a Fran\u00e7a, se as pot\u00eancias globais n\u00e3o alcan\u00e7arem rapidamente um novo acordo com o Ir\u00e3 sobre seu programa nuclear, um confronto militar se tornar\u00e1 inevit\u00e1vel.<\/p>\n<p><strong>+ Leia mais not\u00edcias de Mundo em Oeste<\/strong><\/p>\n<p>A declara\u00e7\u00e3o foi feita depois de uma reuni\u00e3o sigilosa convocada pelo presidente Emmanuel Macron, com a presen\u00e7a de ministros e especialistas de alto escal\u00e3o. O encontro refor\u00e7a a crescente preocupa\u00e7\u00e3o da Fran\u00e7a e de seus aliados <strong>europeus<\/strong> com o avan\u00e7o do programa nuclear iraniano e o colapso do Acordo de Viena de 2015.<\/p>\n<h2 class=\"wp-block-heading\">Press\u00e3o diplom\u00e1tica e prazo para acordo<\/h2>\n<p>Durante audi\u00eancia parlamentar, Barrot afirmou que a \u201cjanela de oportunidade \u00e9 estreita\u201d e que o tempo para uma solu\u00e7\u00e3o diplom\u00e1tica \u00e9 curto. O objetivo da Europa \u00e9 alcan\u00e7ar um novo acordo com o Ir\u00e3 at\u00e9 agosto, e finalizar as negocia\u00e7\u00f5es antes de outubro de 2025, quando expiram as san\u00e7\u00f5es da ONU previstas no pacto anterior.<\/p>\n<figure class=\"wp-block-embed is-type-video is-provider-youtube wp-block-embed-youtube wp-embed-aspect-16-9 wp-has-aspect-ratio\">\n<div class=\"wp-block-embed__wrapper\">\n<div class=\"perfmatters-lazy-youtube\" data-src=\"https:\/\/www.youtube.com\/embed\/VYbItBQnOX4\" data-id=\"VYbItBQnOX4\" data-query=\"feature=oembed\" onclick=\"perfmattersLazyLoadYouTube(this);\">\n<div><img fetchpriority=\"high\" decoding=\"async\" src=\"https:\/\/i.ytimg.com\/vi\/VYbItBQnOX4\/hqdefault.jpg\" alt=\"YouTube video\" width=\"480\" height=\"360\" data-pin-nopin=\"true\" nopin=\"nopin\"\/><\/div>\n<\/div>\n<p><noscript><iframe title=\"&#039;Trump est\u00e1 estimulando crescimento econ\u00f4mico e efici\u00eancia das empresas&#039;, avalia Cauti\" width=\"800\" height=\"450\" src=\"https:\/\/www.youtube.com\/embed\/VYbItBQnOX4?feature=oembed\" frameborder=\"0\" allow=\"accelerometer; autoplay; clipboard-write; encrypted-media; gyroscope; picture-in-picture; web-share\" referrerpolicy=\"strict-origin-when-cross-origin\" allowfullscreen><\/iframe><\/noscript>\n<\/div>\n<\/figure>\n<p>\u201cTemos apenas alguns meses at\u00e9 a expira\u00e7\u00e3o deste acordo (de 2015)\u201d, disse Barrot. \u201cEm caso de fracasso, um confronto militar pareceria quase inevit\u00e1vel.\u201d<\/p>\n<p>As pot\u00eancias europeias, lideradas por Fran\u00e7a, Reino Unido e <strong>Alemanha<\/strong>, querem limitar o enriquecimento de ur\u00e2nio por parte do regime iraniano. Desde a retirada dos Estados Unidos do acordo original, em 2018, Teer\u00e3 ampliou seus estoques com pureza f\u00edssil muito superior \u00e0 necess\u00e1ria para fins civis \u2014 o que aumenta o temor sobre o uso militar do material.<\/p>\n<h2 class=\"wp-block-heading\">Possibilidade de ataques a\u00e9reos na Fran\u00e7a preocupa diplomacia<\/h2>\n<p>Segundo fontes diplom\u00e1ticas, cresce o temor de que Estados Unidos e Israel lancem ataques contra as instala\u00e7\u00f5es nucleares do Ir\u00e3, caso n\u00e3o haja avan\u00e7o nas negocia\u00e7\u00f5es. O envio de mais avi\u00f5es de guerra ao Oriente M\u00e9dio, anunciado pelo Pent\u00e1gono na ter\u00e7a-feira, \u00e9 interpretado como sinal de prepara\u00e7\u00e3o para um poss\u00edvel confronto direto.<\/p>\n<p>O contexto inclui tamb\u00e9m os recentes bombardeios contra os houthis no I\u00eamen, apoiados por Teer\u00e3. A escalada militar na regi\u00e3o pode abrir caminho para uma ofensiva mais ampla.<\/p>\n<figure class=\"wp-block-embed is-type-video is-provider-youtube wp-block-embed-youtube wp-embed-aspect-16-9 wp-has-aspect-ratio\">\n<div class=\"wp-block-embed__wrapper\">\n<div class=\"perfmatters-lazy-youtube\" data-src=\"https:\/\/www.youtube.com\/embed\/kUBbEVlw6K8\" data-id=\"kUBbEVlw6K8\" data-query=\"feature=oembed\" onclick=\"perfmattersLazyLoadYouTube(this);\">\n<div><img decoding=\"async\" alt=\"YouTube video\" width=\"480\" height=\"360\" data-pin-nopin=\"true\" nopin=\"nopin\" class=\"perfmatters-lazy\" src=\"https:\/\/i.ytimg.com\/vi\/kUBbEVlw6K8\/hqdefault.jpg\"\/><img decoding=\"async\" src=\"https:\/\/i.ytimg.com\/vi\/kUBbEVlw6K8\/hqdefault.jpg\" alt=\"YouTube video\" width=\"480\" height=\"360\" data-pin-nopin=\"true\" nopin=\"nopin\"\/><\/div>\n<\/div>\n<p><noscript><iframe title=\"Sob Milei, Argentina registra queda de quinze pontos na taxa de pobreza\" width=\"800\" height=\"450\" src=\"https:\/\/www.youtube.com\/embed\/kUBbEVlw6K8?feature=oembed\" frameborder=\"0\" allow=\"accelerometer; autoplay; clipboard-write; encrypted-media; gyroscope; picture-in-picture; web-share\" referrerpolicy=\"strict-origin-when-cross-origin\" allowfullscreen><\/iframe><\/noscript>\n<\/div>\n<\/figure>\n<h2 class=\"wp-block-heading\">Israel e Estados Unidos intensificam envolvimento<\/h2>\n<p>Nesta quinta-feira, 3, o ministro das Rela\u00e7\u00f5es Exteriores de Israel estar\u00e1 em Paris para discutir o impasse com l\u00edderes franceses. Tamb\u00e9m est\u00e1 previsto um encontro entre os chanceleres de Fran\u00e7a, Reino Unido, Alemanha e o secret\u00e1rio de Estado dos EUA, <strong>Marco Rubio<\/strong>, durante a reuni\u00e3o ministerial da Otan em Bruxelas.<\/p>\n<p>Al\u00e9m disso, o presidente Donald Trump voltou a amea\u00e7ar o regime iraniano. No domingo, afirmou que, caso Teer\u00e3 n\u00e3o aceite um novo acordo, enfrentar\u00e1 bombardeios e novas san\u00e7\u00f5es econ\u00f4micas. A declara\u00e7\u00e3o reacende as tens\u00f5es entre os dois pa\u00edses e sinaliza um poss\u00edvel endurecimento da pol\u00edtica externa norte-americana, mesmo fora do per\u00edodo eleitoral.<\/p>\n<h2 class=\"wp-block-heading\">Acordo de 2015 perde validade e risco de guerra aumenta na Fran\u00e7a<\/h2>\n<p>Com o acordo nuclear de 2015 enfraquecido e sem garantias jur\u00eddicas a partir de outubro de 2025, as pot\u00eancias europeias aceleram esfor\u00e7os para impedir que o Ir\u00e3 ultrapasse o ponto de n\u00e3o retorno. Reuni\u00f5es t\u00e9cnicas t\u00eam sido conduzidas em paralelo, mas sem grandes avan\u00e7os p\u00fablicos.<\/p>\n<p>Caso a diplomacia fracasse, analistas temem que o pr\u00f3ximo passo seja uma a\u00e7\u00e3o militar preventiva \u2014 o que poderia desencadear uma nova guerra no Oriente M\u00e9dio.<\/p>\n<\/p><\/div>\n<p><br \/>\n<br \/>Fonte: <a href=\"https:\/\/revistaoeste.com\/mundo\/franca-alerta-para-risco-de-guerra-com-o-ira-caso-nao-haja-novo-acordo-nuclear\/\">Revista Oeste<\/a><\/p>\n","protected":false},"excerpt":{"rendered":"<p>O ministro das Rela\u00e7\u00f5es Exteriores da Fran\u00e7a, Jean-No\u00ebl Barrot, fez um alerta direto nesta quarta-feira, 2. Para a Fran\u00e7a, se as pot\u00eancias globais n\u00e3o alcan\u00e7arem rapidamente um novo acordo com o Ir\u00e3 sobre seu programa nuclear, um confronto militar se tornar\u00e1 inevit\u00e1vel. + Leia mais not\u00edcias de Mundo em Oeste A declara\u00e7\u00e3o foi feita depois [&hellip;]<\/p>\n","protected":false},"author":5,"featured_media":9899,"comment_status":"open","ping_status":"open","sticky":false,"template":"","format":"standard","meta":{"_seopress_robots_primary_cat":"","_seopress_titles_title":"","_seopress_titles_desc":"","_seopress_robots_index":"","footnotes":""},"categories":[48],"tags":[],"class_list":["post-9898","post","type-post","status-publish","format-standard","has-post-thumbnail","hentry","category-internacional"],"_links":{"self":[{"href":"https:\/\/mussicom.com\/noticias\/wp-json\/wp\/v2\/posts\/9898","targetHints":{"allow":["GET"]}}],"collection":[{"href":"https:\/\/mussicom.com\/noticias\/wp-json\/wp\/v2\/posts"}],"about":[{"href":"https:\/\/mussicom.com\/noticias\/wp-json\/wp\/v2\/types\/post"}],"author":[{"embeddable":true,"href":"https:\/\/mussicom.com\/noticias\/wp-json\/wp\/v2\/users\/5"}],"replies":[{"embeddable":true,"href":"https:\/\/mussicom.com\/noticias\/wp-json\/wp\/v2\/comments?post=9898"}],"version-history":[{"count":0,"href":"https:\/\/mussicom.com\/noticias\/wp-json\/wp\/v2\/posts\/9898\/revisions"}],"wp:featuredmedia":[{"embeddable":true,"href":"https:\/\/mussicom.com\/noticias\/wp-json\/wp\/v2\/media\/9899"}],"wp:attachment":[{"href":"https:\/\/mussicom.com\/noticias\/wp-json\/wp\/v2\/media?parent=9898"}],"wp:term":[{"taxonomy":"category","embeddable":true,"href":"https:\/\/mussicom.com\/noticias\/wp-json\/wp\/v2\/categories?post=9898"},{"taxonomy":"post_tag","embeddable":true,"href":"https:\/\/mussicom.com\/noticias\/wp-json\/wp\/v2\/tags?post=9898"}],"curies":[{"name":"wp","href":"https:\/\/api.w.org\/{rel}","templated":true}]}}