{"id":9854,"date":"2025-04-03T04:15:01","date_gmt":"2025-04-03T07:15:01","guid":{"rendered":"https:\/\/www.mussicom.com\/girao-ve-condicoes-para-a-anistia-ao-8-1-ser-aprovada-no-senado\/"},"modified":"2025-04-03T04:15:01","modified_gmt":"2025-04-03T07:15:01","slug":"girao-ve-condicoes-para-a-anistia-ao-8-1-ser-aprovada-no-senado","status":"publish","type":"post","link":"https:\/\/mussicom.com\/noticias\/girao-ve-condicoes-para-a-anistia-ao-8-1-ser-aprovada-no-senado\/","title":{"rendered":"Gir\u00e3o v\u00ea condi\u00e7\u00f5es para a anistia ao 8\/1 ser aprovada no Senado"},"content":{"rendered":"<p> <br \/>\n<\/p>\n<div id=\"hd80s9wa1h892edh8192\">\n<p class=\"wp-embed-aspect-16-9 wp-has-aspect-ratio\">O senador <strong>Eduardo Gir\u00e3o (CE),<\/strong> l\u00edder do Partido Novo no Senado, disse que a anistia aos presos do 8 de janeiro tem condi\u00e7\u00f5es de ser aprovada na Casa.<\/p>\n<p class=\"wp-embed-aspect-16-9 wp-has-aspect-ratio\">\u201cQuando o tema chegar aqui, a aprova\u00e7\u00e3o ser\u00e1 r\u00e1pida\u201d, declarou, em entrevista a <strong>Oeste.<\/strong> \u201cO assunto j\u00e1 est\u00e1 bem amadurecido. Agora, tudo se concentra na C\u00e2mara. O Senado vai esperar.\u201d<\/p>\n<p>De acordo com o parlamentar, a proposta deve avan\u00e7ar \u00e0 revelia do presidente Davi Alcolumbre (Uni\u00e3o-AP), que est\u00e1 alinhado com o governo Lula e com o Supremo Tribunal Federal.<\/p>\n<p><strong>Leia tamb\u00e9m: Moraes e Dino v\u00e3o ao Senado em meio \u00e0 press\u00e3o da oposi\u00e7\u00e3o por anistia<\/strong><\/p>\n<p>\u201cQuando questionamos no col\u00e9gio de l\u00edderes, ele responde que n\u00e3o \u00e9 o momento. A mesma conversa de sempre.\u201d<\/p>\n<h2 class=\"wp-block-heading\">Gir\u00e3o critica Alcolumbre<\/h2>\n<p>Gir\u00e3o afirmou ainda que o Senado perdeu sua fun\u00e7\u00e3o de Casa revisora e se transformou em um \u201cpuxadinho\u201d do governo Lula e do Supremo. Ele fez a declara\u00e7\u00e3o depois da visita dos ministros do STF, Alexandre de Moraes e Fl\u00e1vio Dino, ao Congresso.<\/p>\n<figure class=\"wp-block-image aligncenter size-full\"><picture><source data-srcset=\"https:\/\/medias.revistaoeste.com\/wp-content\/uploads\/2025\/04\/WhatsApp-Image-2025-04-01-at-21.17.26-1.jpeg.webp 1599w, https:\/\/medias.revistaoeste.com\/wp-content\/uploads\/2025\/04\/WhatsApp-Image-2025-04-01-at-21.17.26-1-300x202.jpeg.webp 300w, https:\/\/medias.revistaoeste.com\/wp-content\/uploads\/2025\/04\/WhatsApp-Image-2025-04-01-at-21.17.26-1-150x101.jpeg.webp 150w\" data-sizes=\"(max-width: 1599px) 100vw, 1599px\" type=\"image\/webp\"><img fetchpriority=\"high\" decoding=\"async\" width=\"1599\" height=\"1075\" src=\"https:\/\/medias.revistaoeste.com\/wp-content\/uploads\/2025\/04\/WhatsApp-Image-2025-04-01-at-21.17.26-1.jpeg\" alt=\"O ministro Alexandre de Moraes e ministro Fl\u00e1vio Dino durante o lan\u00e7amento de um livro do senador Rodrigo Pacheco (PSD-MG), no Senado - 1\/4\/2025 | Foto: Deborah Sena\/Revista Oeste\" class=\"wp-image-1943947\" srcset=\"https:\/\/medias.revistaoeste.com\/wp-content\/uploads\/2025\/04\/WhatsApp-Image-2025-04-01-at-21.17.26-1.jpeg 1599w, https:\/\/medias.revistaoeste.com\/wp-content\/uploads\/2025\/04\/WhatsApp-Image-2025-04-01-at-21.17.26-1-300x202.jpeg 300w, https:\/\/medias.revistaoeste.com\/wp-content\/uploads\/2025\/04\/WhatsApp-Image-2025-04-01-at-21.17.26-1-150x101.jpeg 150w\" sizes=\"(max-width: 1599px) 100vw, 1599px\" data-eio=\"p\"\/><\/source><\/picture><figcaption class=\"wp-element-caption\">O ministro Alexandre de Moraes e ministro Fl\u00e1vio Dino durante o lan\u00e7amento de um livro do senador Rodrigo Pacheco (PSD-MG), no Senado \u2013 1\/4\/2025 | Foto: Deborah Sena\/Revista Oeste<\/figcaption><\/figure>\n<p>Antes da solenidade, Alcolumbre recebeu Moraes, Dino, Motta e Pacheco na presid\u00eancia da Casa Alta.<\/p>\n<figure class=\"wp-block-embed is-type-video is-provider-youtube wp-block-embed-youtube wp-embed-aspect-16-9 wp-has-aspect-ratio\">\n<div class=\"wp-block-embed__wrapper\">\n<div class=\"perfmatters-lazy-youtube\" data-src=\"https:\/\/www.youtube.com\/embed\/-423Z5RLtU4\" data-id=\"-423Z5RLtU4\" data-query=\"feature=oembed\" onclick=\"perfmattersLazyLoadYouTube(this);\">\n<div><img decoding=\"async\" alt=\"YouTube video\" width=\"480\" height=\"360\" data-pin-nopin=\"true\" nopin=\"nopin\" class=\"perfmatters-lazy\" src=\"https:\/\/i.ytimg.com\/vi\/-423Z5RLtU4\/hqdefault.jpg\"\/><img decoding=\"async\" src=\"https:\/\/i.ytimg.com\/vi\/-423Z5RLtU4\/hqdefault.jpg\" alt=\"YouTube video\" width=\"480\" height=\"360\" data-pin-nopin=\"true\" nopin=\"nopin\"\/><\/div>\n<\/div>\n<p><noscript><iframe title=\"EXCLUSIVO: &#039;Brasil vive ditadura escancarada da toga&#039;, protesta Gir\u00e3o\" width=\"800\" height=\"450\" src=\"https:\/\/www.youtube.com\/embed\/-423Z5RLtU4?feature=oembed\" frameborder=\"0\" allow=\"accelerometer; autoplay; clipboard-write; encrypted-media; gyroscope; picture-in-picture; web-share\" referrerpolicy=\"strict-origin-when-cross-origin\" allowfullscreen><\/iframe><\/noscript>\n<\/div>\n<\/figure>\n<p>\u201cO presidente Davi Alcolumbre est\u00e1 alinhad\u00edssimo com o governo Lula e com o STF\u201d, afirmou em entrevista a Oeste. \u00c9 como se o Senado fosse uma extens\u00e3o do governo. N\u00e3o vejo absolutamente nenhum tipo de lampejo para que o Senado se d\u00ea o respeito.\u201d<\/p>\n<h2 class=\"wp-block-heading\">Senador fala em \u201cmistura\u201d entre os Poderes<\/h2>\n<p>O parlamentar afirma perceber uma \u201cmistura\u201d de interesses. Para ele, \u00e9 evidente que o Senado est\u00e1 se tornando uma sombra dos outros Poderes.<\/p>\n<p><strong>Leia tamb\u00e9m: Gir\u00e3o diz que Senado virou \u2018puxadinho\u2019 do governo e do STF<\/strong><\/p>\n<p><related-posts class=\"border-y border-gray-300 py-5\"><\/p>\n<h2 class=\"!text-2xl text-black font-primary font-semibold leading-none mb-3\">\n    Confira ainda<br \/>\n  <\/h2>\n<p><\/related-posts><\/p><\/div>\n<p><br \/>\n<br \/>Fonte: <a href=\"https:\/\/revistaoeste.com\/politica\/girao-ve-condicoes-para-a-anistia-ao-8-1-ser-aprovada-no-senado\/\">Ag\u00eancia Brasil<\/a><\/p>\n","protected":false},"excerpt":{"rendered":"<p>O senador Eduardo Gir\u00e3o (CE), l\u00edder do Partido Novo no Senado, disse que a anistia aos presos do 8 de janeiro tem condi\u00e7\u00f5es de ser aprovada na Casa. \u201cQuando o tema chegar aqui, a aprova\u00e7\u00e3o ser\u00e1 r\u00e1pida\u201d, declarou, em entrevista a Oeste. \u201cO assunto j\u00e1 est\u00e1 bem amadurecido. Agora, tudo se concentra na C\u00e2mara. O [&hellip;]<\/p>\n","protected":false},"author":5,"featured_media":9855,"comment_status":"open","ping_status":"open","sticky":false,"template":"","format":"standard","meta":{"_seopress_robots_primary_cat":"","_seopress_titles_title":"","_seopress_titles_desc":"","_seopress_robots_index":"","footnotes":""},"categories":[47,1],"tags":[],"class_list":["post-9854","post","type-post","status-publish","format-standard","has-post-thumbnail","hentry","category-politica","category-ultimas-noticias"],"_links":{"self":[{"href":"https:\/\/mussicom.com\/noticias\/wp-json\/wp\/v2\/posts\/9854","targetHints":{"allow":["GET"]}}],"collection":[{"href":"https:\/\/mussicom.com\/noticias\/wp-json\/wp\/v2\/posts"}],"about":[{"href":"https:\/\/mussicom.com\/noticias\/wp-json\/wp\/v2\/types\/post"}],"author":[{"embeddable":true,"href":"https:\/\/mussicom.com\/noticias\/wp-json\/wp\/v2\/users\/5"}],"replies":[{"embeddable":true,"href":"https:\/\/mussicom.com\/noticias\/wp-json\/wp\/v2\/comments?post=9854"}],"version-history":[{"count":0,"href":"https:\/\/mussicom.com\/noticias\/wp-json\/wp\/v2\/posts\/9854\/revisions"}],"wp:featuredmedia":[{"embeddable":true,"href":"https:\/\/mussicom.com\/noticias\/wp-json\/wp\/v2\/media\/9855"}],"wp:attachment":[{"href":"https:\/\/mussicom.com\/noticias\/wp-json\/wp\/v2\/media?parent=9854"}],"wp:term":[{"taxonomy":"category","embeddable":true,"href":"https:\/\/mussicom.com\/noticias\/wp-json\/wp\/v2\/categories?post=9854"},{"taxonomy":"post_tag","embeddable":true,"href":"https:\/\/mussicom.com\/noticias\/wp-json\/wp\/v2\/tags?post=9854"}],"curies":[{"name":"wp","href":"https:\/\/api.w.org\/{rel}","templated":true}]}}