{"id":9846,"date":"2025-04-03T03:56:14","date_gmt":"2025-04-03T06:56:14","guid":{"rendered":"https:\/\/www.mussicom.com\/cabeleireira-faz-o-pais-todo-perguntar-ate-onde-vai-o-poder-do-estado\/"},"modified":"2025-04-03T03:56:14","modified_gmt":"2025-04-03T06:56:14","slug":"cabeleireira-faz-o-pais-todo-perguntar-ate-onde-vai-o-poder-do-estado","status":"publish","type":"post","link":"https:\/\/mussicom.com\/noticias\/cabeleireira-faz-o-pais-todo-perguntar-ate-onde-vai-o-poder-do-estado\/","title":{"rendered":"Cabeleireira faz o pa\u00eds todo perguntar: at\u00e9 onde vai o poder do Estado?"},"content":{"rendered":"<p> <br \/>\n<\/p>\n<div><\/p>\n<div>No programa \u00daltima An\u00e1lise da Gazeta, o caso de D\u00e9bora Rodrigues \u00e9 ponto de partida para debater os excessos do Estado contra o cidad\u00e3o comum.<\/div>\n<\/div>\n<p><br \/>\n<br \/>Fonte: <a href=\"https:\/\/www.gazetadopovo.com.br\/republica\/cabeleireira-faz-o-pais-todo-perguntar-ate-onde-vai-o-poder-do-estado\/\">Revista Oeste<\/a><\/p>\n","protected":false},"excerpt":{"rendered":"<p>No programa \u00daltima An\u00e1lise da Gazeta, o caso de D\u00e9bora Rodrigues \u00e9 ponto de partida para debater os excessos do Estado contra o cidad\u00e3o comum. Fonte: Revista Oeste<\/p>\n","protected":false},"author":5,"featured_media":9847,"comment_status":"open","ping_status":"open","sticky":false,"template":"","format":"standard","meta":{"_seopress_robots_primary_cat":"","_seopress_titles_title":"","_seopress_titles_desc":"","_seopress_robots_index":"","footnotes":""},"categories":[1],"tags":[],"class_list":["post-9846","post","type-post","status-publish","format-standard","has-post-thumbnail","hentry","category-ultimas-noticias"],"_links":{"self":[{"href":"https:\/\/mussicom.com\/noticias\/wp-json\/wp\/v2\/posts\/9846","targetHints":{"allow":["GET"]}}],"collection":[{"href":"https:\/\/mussicom.com\/noticias\/wp-json\/wp\/v2\/posts"}],"about":[{"href":"https:\/\/mussicom.com\/noticias\/wp-json\/wp\/v2\/types\/post"}],"author":[{"embeddable":true,"href":"https:\/\/mussicom.com\/noticias\/wp-json\/wp\/v2\/users\/5"}],"replies":[{"embeddable":true,"href":"https:\/\/mussicom.com\/noticias\/wp-json\/wp\/v2\/comments?post=9846"}],"version-history":[{"count":0,"href":"https:\/\/mussicom.com\/noticias\/wp-json\/wp\/v2\/posts\/9846\/revisions"}],"wp:featuredmedia":[{"embeddable":true,"href":"https:\/\/mussicom.com\/noticias\/wp-json\/wp\/v2\/media\/9847"}],"wp:attachment":[{"href":"https:\/\/mussicom.com\/noticias\/wp-json\/wp\/v2\/media?parent=9846"}],"wp:term":[{"taxonomy":"category","embeddable":true,"href":"https:\/\/mussicom.com\/noticias\/wp-json\/wp\/v2\/categories?post=9846"},{"taxonomy":"post_tag","embeddable":true,"href":"https:\/\/mussicom.com\/noticias\/wp-json\/wp\/v2\/tags?post=9846"}],"curies":[{"name":"wp","href":"https:\/\/api.w.org\/{rel}","templated":true}]}}