{"id":9801,"date":"2025-04-02T22:22:31","date_gmt":"2025-04-03T01:22:31","guid":{"rendered":"https:\/\/mussicom.com\/producao-industrial-do-brasil-cai-01-em-fevereiro\/"},"modified":"2025-04-02T22:22:31","modified_gmt":"2025-04-03T01:22:31","slug":"producao-industrial-do-brasil-cai-01-em-fevereiro","status":"publish","type":"post","link":"https:\/\/mussicom.com\/noticias\/producao-industrial-do-brasil-cai-01-em-fevereiro\/","title":{"rendered":"produ\u00e7\u00e3o industrial do Brasil cai 0,1% em fevereiro"},"content":{"rendered":"<p> <br \/>\n<\/p>\n<div id=\"hd80s9wa1h892edh8192\">\n<p>O <strong>Instituto Brasileiro de Geografia e Estat\u00edstica<\/strong> (IBGE) divulgou, nesta quarta-feira, 2, que a produ\u00e7\u00e3o industrial do Brasil teve uma ligeira queda de 0,1% em fevereiro, em compara\u00e7\u00e3o a janeiro, com ajuste sazonal. Este \u00e9 o quinto m\u00eas consecutivo sem crescimento em rela\u00e7\u00e3o ao m\u00eas anterior. Clique <strong>aqui<\/strong> e confira o documento.<\/p>\n<p><strong>+ Leia mais not\u00edcias de Economia em Oeste<\/strong><\/p>\n<p>Nos primeiros 31 dias do ano, o setor apresentou estabilidade, sem varia\u00e7\u00e3o porcentual m\u00eas a m\u00eas. Sem ajustes sazonais, a produ\u00e7\u00e3o industrial subiu 1,5% em fevereiro, em rela\u00e7\u00e3o ao mesmo m\u00eas de 2024.<\/p>\n<p>No acumulado do primeiro bimestre de 2025, ou seja, janeiro, fevereiro e mar\u00e7o, houve um aumento de 1,4% em rela\u00e7\u00e3o ao mesmo per\u00edodo de 2024. J\u00e1 nos \u00faltimos 12 meses, o crescimento acumulado foi de 2,6%.<\/p>\n<h2 class=\"wp-block-heading\">IBGE mostra retra\u00e7\u00e3o de fevereiro entre setores<\/h2>\n<figure class=\"wp-block-image aligncenter size-full\"><picture><source data-srcset=\"https:\/\/medias.revistaoeste.com\/wp-content\/uploads\/2025\/04\/Tabela-do-IBGE-mostra-resultado-do-setor-no-mes.jpg.webp 869w, https:\/\/medias.revistaoeste.com\/wp-content\/uploads\/2025\/04\/Tabela-do-IBGE-mostra-resultado-do-setor-no-mes-300x171.jpg.webp 300w, https:\/\/medias.revistaoeste.com\/wp-content\/uploads\/2025\/04\/Tabela-do-IBGE-mostra-resultado-do-setor-no-mes-150x85.jpg.webp 150w\" data-sizes=\"(max-width: 869px) 100vw, 869px\" type=\"image\/webp\"><img fetchpriority=\"high\" decoding=\"async\" width=\"869\" height=\"494\" src=\"https:\/\/medias.revistaoeste.com\/wp-content\/uploads\/2025\/04\/Tabela-do-IBGE-mostra-resultado-do-setor-no-mes.jpg\" alt=\"Tabela do IBGE mostra resultado do setor no m\u00eas\" class=\"wp-image-1944733\" srcset=\"https:\/\/medias.revistaoeste.com\/wp-content\/uploads\/2025\/04\/Tabela-do-IBGE-mostra-resultado-do-setor-no-mes.jpg 869w, https:\/\/medias.revistaoeste.com\/wp-content\/uploads\/2025\/04\/Tabela-do-IBGE-mostra-resultado-do-setor-no-mes-300x171.jpg 300w, https:\/\/medias.revistaoeste.com\/wp-content\/uploads\/2025\/04\/Tabela-do-IBGE-mostra-resultado-do-setor-no-mes-150x85.jpg 150w\" sizes=\"(max-width: 869px) 100vw, 869px\" data-eio=\"p\"\/><\/source><\/picture><figcaption class=\"wp-element-caption\">Tabela do IBGE mostra resultado do setor no m\u00eas | Foto: Reprodu\u00e7\u00e3o\/IBGE<\/figcaption><\/figure>\n<p>A retra\u00e7\u00e3o de 0,1% em fevereiro teve influ\u00eancia de 14 dos 25 ramos industriais os quais o IBGE analisou. O setor de produtos farmoqu\u00edmicos e farmac\u00eauticos registrou a maior queda, de 12,3%. <\/p>\n<figure class=\"wp-block-embed is-type-video is-provider-youtube wp-block-embed-youtube wp-embed-aspect-16-9 wp-has-aspect-ratio\">\n<div class=\"wp-block-embed__wrapper\">\n<div class=\"perfmatters-lazy-youtube\" data-src=\"https:\/\/www.youtube.com\/embed\/XcLM119-m9o\" data-id=\"XcLM119-m9o\" data-query=\"feature=oembed\" onclick=\"perfmattersLazyLoadYouTube(this);\">\n<div><img decoding=\"async\" alt=\"YouTube video\" width=\"480\" height=\"360\" data-pin-nopin=\"true\" nopin=\"nopin\" class=\"perfmatters-lazy\" src=\"https:\/\/i.ytimg.com\/vi\/XcLM119-m9o\/hqdefault.jpg\"\/><img decoding=\"async\" src=\"https:\/\/i.ytimg.com\/vi\/XcLM119-m9o\/hqdefault.jpg\" alt=\"YouTube video\" width=\"480\" height=\"360\" data-pin-nopin=\"true\" nopin=\"nopin\"\/><\/div>\n<\/div>\n<p><noscript><iframe title=\"Insumo que n\u00e3o agride o meio ambiente\" width=\"800\" height=\"450\" src=\"https:\/\/www.youtube.com\/embed\/XcLM119-m9o?feature=oembed\" frameborder=\"0\" allow=\"accelerometer; autoplay; clipboard-write; encrypted-media; gyroscope; picture-in-picture; web-share\" referrerpolicy=\"strict-origin-when-cross-origin\" allowfullscreen><\/iframe><\/noscript>\n<\/div>\n<\/figure>\n<p>Tamb\u00e9m houve diminui\u00e7\u00e3o em m\u00e1quinas e equipamentos (-2,7%), produtos de madeira (-8,6%), produtos diversos (-5,9%), ve\u00edculos automotores, reboques e carrocerias (-0,7%), m\u00e1quinas, aparelhos e materiais el\u00e9tricos (-1,4%), equipamentos de inform\u00e1tica, produtos eletr\u00f4nicos e \u00f3pticos (-1,5%) e m\u00f3veis (-2,1%).<\/p>\n<p>Por outro lado, as ind\u00fastrias extrativas tiveram alta de 2,7%, e o setor de produtos aliment\u00edcios cresceu 1,7%. Essas varia\u00e7\u00f5es positivas ajudaram a atenuar o impacto negativo dos outros ramos.<\/p>\n<p><strong>Leia tamb\u00e9m: \u201cA com\u00e9dia das galinhas inflacion\u00e1rias\u201d, artigo de Ubiratan Jorge I\u00f3rio publicado na Edi\u00e7\u00e3o 262 da Revista Oeste<\/strong><\/p>\n<p>Ao considerar as grandes categorias industriais, os bens de consumo dur\u00e1veis ca\u00edram 3,2% em fevereiro em compara\u00e7\u00e3o a janeiro. Os bens de consumo semidur\u00e1veis e n\u00e3o dur\u00e1veis recuaram 0,8%. Em contrapartida, os setores de bens de capital e intermedi\u00e1rios avan\u00e7aram 0,8% \u2014 o que mostra uma certa estabilidade na demanda por esses produtos.<\/p>\n<\/p><\/div>\n<p><br \/>\n<br \/>Fonte: <a href=\"https:\/\/revistaoeste.com\/economia\/ibge-producao-industrial-do-brasil-cai-01-em-fevereiro\/\">Revista oeste<\/a><\/p>\n","protected":false},"excerpt":{"rendered":"<p>O Instituto Brasileiro de Geografia e Estat\u00edstica (IBGE) divulgou, nesta quarta-feira, 2, que a produ\u00e7\u00e3o industrial do Brasil teve uma ligeira queda de 0,1% em fevereiro, em compara\u00e7\u00e3o a janeiro, com ajuste sazonal. Este \u00e9 o quinto m\u00eas consecutivo sem crescimento em rela\u00e7\u00e3o ao m\u00eas anterior. Clique aqui e confira o documento. + Leia mais [&hellip;]<\/p>\n","protected":false},"author":5,"featured_media":9802,"comment_status":"open","ping_status":"open","sticky":false,"template":"","format":"standard","meta":{"_seopress_robots_primary_cat":"","_seopress_titles_title":"","_seopress_titles_desc":"","_seopress_robots_index":"","footnotes":""},"categories":[45],"tags":[],"class_list":["post-9801","post","type-post","status-publish","format-standard","has-post-thumbnail","hentry","category-economia"],"_links":{"self":[{"href":"https:\/\/mussicom.com\/noticias\/wp-json\/wp\/v2\/posts\/9801","targetHints":{"allow":["GET"]}}],"collection":[{"href":"https:\/\/mussicom.com\/noticias\/wp-json\/wp\/v2\/posts"}],"about":[{"href":"https:\/\/mussicom.com\/noticias\/wp-json\/wp\/v2\/types\/post"}],"author":[{"embeddable":true,"href":"https:\/\/mussicom.com\/noticias\/wp-json\/wp\/v2\/users\/5"}],"replies":[{"embeddable":true,"href":"https:\/\/mussicom.com\/noticias\/wp-json\/wp\/v2\/comments?post=9801"}],"version-history":[{"count":0,"href":"https:\/\/mussicom.com\/noticias\/wp-json\/wp\/v2\/posts\/9801\/revisions"}],"wp:featuredmedia":[{"embeddable":true,"href":"https:\/\/mussicom.com\/noticias\/wp-json\/wp\/v2\/media\/9802"}],"wp:attachment":[{"href":"https:\/\/mussicom.com\/noticias\/wp-json\/wp\/v2\/media?parent=9801"}],"wp:term":[{"taxonomy":"category","embeddable":true,"href":"https:\/\/mussicom.com\/noticias\/wp-json\/wp\/v2\/categories?post=9801"},{"taxonomy":"post_tag","embeddable":true,"href":"https:\/\/mussicom.com\/noticias\/wp-json\/wp\/v2\/tags?post=9801"}],"curies":[{"name":"wp","href":"https:\/\/api.w.org\/{rel}","templated":true}]}}