{"id":9797,"date":"2025-04-02T22:02:10","date_gmt":"2025-04-03T01:02:10","guid":{"rendered":"https:\/\/mussicom.com\/panama-acerta-compra-de-cacas-da-embraer\/"},"modified":"2025-04-02T22:02:10","modified_gmt":"2025-04-03T01:02:10","slug":"panama-acerta-compra-de-cacas-da-embraer","status":"publish","type":"post","link":"https:\/\/mussicom.com\/noticias\/panama-acerta-compra-de-cacas-da-embraer\/","title":{"rendered":"Panam\u00e1 acerta compra de ca\u00e7as da Embraer"},"content":{"rendered":"<p> <br \/>\n<\/p>\n<div id=\"hd80s9wa1h892edh8192\">\n<p>O Panam\u00e1 decidiu comprar quatro avi\u00f5es de combate A-29 Super Tucano da fabricante brasileira Embraer, <strong>em resposta \u00e0 press\u00e3o dos Estados Unidos para que o pa\u00eds devolvesse o controle do canal que liga os oceanos Pac\u00edfico e Atl\u00e2ntico<\/strong>. <\/p>\n<p>A Embraer anunciou a novidade durante a feira militar LAAD, no Rio de Janeiro, nesta quarta-feira, 2. Os detalhes do acordo est\u00e3o sob sigilo.<\/p>\n<p>Desde 1990, o Panam\u00e1 est\u00e1 sem For\u00e7as Armadas. O pa\u00eds opera apenas com 17 aeronaves pequenas para transporte e vigil\u00e2ncia. Essa recente aquisi\u00e7\u00e3o visa a refor\u00e7ar a capacidade de defesa dos panamenhos.<\/p>\n<p><strong>+ Leia mais not\u00edcias do Mundo em Oeste<\/strong><\/p>\n<p>A Embraer n\u00e3o comentou a influ\u00eancia dos EUA na decis\u00e3o de compra, mas esclareceu que a negocia\u00e7\u00e3o est\u00e1 sendo conduzida pelo Servi\u00e7o Aeronaval do Panam\u00e1, respons\u00e1vel pela opera\u00e7\u00e3o das aeronaves. A venda do Super Tucano exige aprova\u00e7\u00e3o dos EUA, em virtude da presen\u00e7a de componentes norte-americanos no avi\u00e3o.<\/p>\n<h2 class=\"wp-block-heading\">O Super Tucano da Embraer<\/h2>\n<p>Nos anos 2000, os EUA j\u00e1 haviam vetado a venda do Super Tucano para a Venezuela. No entanto, o modelo foi adquirido por aliados, como a For\u00e7a A\u00e9rea do Afeganist\u00e3o, depois da queda do Talib\u00e3 em 2001. Com a retirada das tropas norte-americanas do Afeganist\u00e3o, parte da frota foi levada para pa\u00edses vizinhos, enquanto outras aeronaves ficaram inoperantes.<\/p>\n<p>Desde o come\u00e7o de seu mandato, o presidente Donald Trump manifestou o desejo de retomar o controle do Canal do Panam\u00e1. O republicano alega, por exemplo, que empresas chinesas t\u00eam influ\u00eancia sobre a administra\u00e7\u00e3o de portos na regi\u00e3o. Como consequ\u00eancia, o Panam\u00e1 encerrou um acordo de infraestrutura com a China e firmou um contrato com uma empresa norte-americana por US$ 22,8 bilh\u00f5es.<\/p>\n<figure class=\"wp-block-image aligncenter size-full\"><picture><source data-srcset=\"https:\/\/medias.revistaoeste.com\/wp-content\/uploads\/2025\/03\/image-2-6.jpg.webp 941w, https:\/\/medias.revistaoeste.com\/wp-content\/uploads\/2025\/03\/image-2-6-300x188.jpg.webp 300w, https:\/\/medias.revistaoeste.com\/wp-content\/uploads\/2025\/03\/image-2-6-150x94.jpg.webp 150w\" data-sizes=\"(max-width: 941px) 100vw, 941px\" type=\"image\/webp\"><img fetchpriority=\"high\" decoding=\"async\" width=\"941\" height=\"590\" src=\"https:\/\/medias.revistaoeste.com\/wp-content\/uploads\/2025\/03\/image-2-6.jpg\" alt=\"No come\u00e7o de fevereiro, Trump enviou o secret\u00e1rio de Estado\u00a0Marco Rubio\u00a0ao Panam\u00e1, onde\u00a0exigiu passagem livre para navios da Marinha dos EUA\u00a0e medidas para conter a presen\u00e7a chinesa | Foto: Divulga\u00e7\u00e3o\/Panam\u00e1 Chanel Authority\" class=\"wp-image-1905982\" srcset=\"https:\/\/medias.revistaoeste.com\/wp-content\/uploads\/2025\/03\/image-2-6.jpg 941w, https:\/\/medias.revistaoeste.com\/wp-content\/uploads\/2025\/03\/image-2-6-300x188.jpg 300w, https:\/\/medias.revistaoeste.com\/wp-content\/uploads\/2025\/03\/image-2-6-150x94.jpg 150w\" sizes=\"(max-width: 941px) 100vw, 941px\" data-eio=\"p\"\/><\/source><\/picture><figcaption class=\"wp-element-caption\">No come\u00e7o de fevereiro, Trump enviou o secret\u00e1rio de Estado\u00a0Marco Rubio\u00a0ao Panam\u00e1, onde\u00a0exigiu passagem livre para navios da Marinha dos EUA\u00a0e medidas para conter a presen\u00e7a chinesa | Foto: Divulga\u00e7\u00e3o\/Panam\u00e1 Chanel Authority<\/figcaption><\/figure>\n<p>O Super Tucano continua a expandir sua presen\u00e7a global. Em 2024, Portugal tornou-se o primeiro membro da Organiza\u00e7\u00e3o do Tratado do Atl\u00e2ntico Norte (Otan) a adquirir o modelo, encomendando 12 unidades. At\u00e9 o momento, a Embraer j\u00e1 vendeu ou encomendou 290 dessas aeronaves para 21 pa\u00edses, com expectativa de um mercado potencial de at\u00e9 540 unidades. A aeronave j\u00e1 acumulou 600 mil horas de voo, sendo 10% em miss\u00f5es de combate, com destaque em opera\u00e7\u00f5es como o combate \u00e0s narcoguerrilhas na Col\u00f4mbia.<\/p>\n<\/p><\/div>\n<p><br \/>\n<br \/>Fonte: <a href=\"https:\/\/revistaoeste.com\/mundo\/efeito-trump-panama-acerta-compra-de-cacas-da-embraer\/\">Revista Oeste<\/a><\/p>\n","protected":false},"excerpt":{"rendered":"<p>O Panam\u00e1 decidiu comprar quatro avi\u00f5es de combate A-29 Super Tucano da fabricante brasileira Embraer, em resposta \u00e0 press\u00e3o dos Estados Unidos para que o pa\u00eds devolvesse o controle do canal que liga os oceanos Pac\u00edfico e Atl\u00e2ntico. A Embraer anunciou a novidade durante a feira militar LAAD, no Rio de Janeiro, nesta quarta-feira, 2. [&hellip;]<\/p>\n","protected":false},"author":5,"featured_media":9798,"comment_status":"open","ping_status":"open","sticky":false,"template":"","format":"standard","meta":{"_seopress_robots_primary_cat":"","_seopress_titles_title":"","_seopress_titles_desc":"","_seopress_robots_index":"","footnotes":""},"categories":[48],"tags":[],"class_list":["post-9797","post","type-post","status-publish","format-standard","has-post-thumbnail","hentry","category-internacional"],"_links":{"self":[{"href":"https:\/\/mussicom.com\/noticias\/wp-json\/wp\/v2\/posts\/9797","targetHints":{"allow":["GET"]}}],"collection":[{"href":"https:\/\/mussicom.com\/noticias\/wp-json\/wp\/v2\/posts"}],"about":[{"href":"https:\/\/mussicom.com\/noticias\/wp-json\/wp\/v2\/types\/post"}],"author":[{"embeddable":true,"href":"https:\/\/mussicom.com\/noticias\/wp-json\/wp\/v2\/users\/5"}],"replies":[{"embeddable":true,"href":"https:\/\/mussicom.com\/noticias\/wp-json\/wp\/v2\/comments?post=9797"}],"version-history":[{"count":0,"href":"https:\/\/mussicom.com\/noticias\/wp-json\/wp\/v2\/posts\/9797\/revisions"}],"wp:featuredmedia":[{"embeddable":true,"href":"https:\/\/mussicom.com\/noticias\/wp-json\/wp\/v2\/media\/9798"}],"wp:attachment":[{"href":"https:\/\/mussicom.com\/noticias\/wp-json\/wp\/v2\/media?parent=9797"}],"wp:term":[{"taxonomy":"category","embeddable":true,"href":"https:\/\/mussicom.com\/noticias\/wp-json\/wp\/v2\/categories?post=9797"},{"taxonomy":"post_tag","embeddable":true,"href":"https:\/\/mussicom.com\/noticias\/wp-json\/wp\/v2\/tags?post=9797"}],"curies":[{"name":"wp","href":"https:\/\/api.w.org\/{rel}","templated":true}]}}