{"id":9766,"date":"2025-04-02T19:17:56","date_gmt":"2025-04-02T22:17:56","guid":{"rendered":"https:\/\/mussicom.com\/nao-ha-culpados-para-a-inflacao-dos-alimentos\/"},"modified":"2025-04-02T19:17:56","modified_gmt":"2025-04-02T22:17:56","slug":"nao-ha-culpados-para-a-inflacao-dos-alimentos","status":"publish","type":"post","link":"https:\/\/mussicom.com\/noticias\/nao-ha-culpados-para-a-inflacao-dos-alimentos\/","title":{"rendered":"N\u00e3o h\u00e1 culpados para a &#8216;infla\u00e7\u00e3o dos alimentos&#8217;"},"content":{"rendered":"<p> <br \/>\n<\/p>\n<div id=\"hd80s9wa1h892edh8192\">\n<p>Em um artigo para a Edi\u00e7\u00e3o 262 da Revista <strong>Oeste<\/strong>, o economista Ubiratan Jorge Iorio explica que a tal \u201cinfla\u00e7\u00e3o dos alimentos\u201d, relatada por jornalistas e analistas de economia, n\u00e3o existe. De acordo com Ubiratan, classificar o aumento dos pre\u00e7os desta forma \u00e9 um equ\u00edvoco. \u201cN\u00e3o h\u00e1 culpados pela infla\u00e7\u00e3o, sejam eles \u201cespeculadores\u201d, banqueiros malvados, galinhas ou \u2018pilantras&#8217;\u201d, escreve o economista.<\/p>\n<p>Recentemente, o presidente Luiz In\u00e1cio Lula da Silva criticou o aumento de 15,39% no pre\u00e7o dos ovos em fevereiro, classificando a alta como um \u201ccrime antipatri\u00f3tico\u201d e chamando os respons\u00e1veis de \u201cpilantras\u201d. Ele afirmou que seu governo est\u00e1 investigando os envolvidos e tomando medidas para reduzir o pre\u00e7o da carne, al\u00e9m de discutir estrat\u00e9gias para conter a chamada \u201cinfla\u00e7\u00e3o dos alimentos\u201d.<\/p>\n<h2 class=\"wp-block-heading\">Leia um trecho do artigo de Ubiratan Jorge Iorio sobre a postura do governo Lula diante da \u201cinfla\u00e7\u00e3o\u201d de ovos, caf\u00e9 e outros alimentos<\/h2>\n<p><em>N\u00e3o existe \u201cinfla\u00e7\u00e3o dos alimentos\u201d, nem de qualquer bem ou servi\u00e7o. Esse \u00e9 um velho equ\u00edvoco de jornalistas e de alguns analistas. Quem, com mais de 40 anos, n\u00e3o se lembra da famosa \u201cinfla\u00e7\u00e3o do cafezinho\u201d e do \u201ccartel da pizza\u201d? Foi no tempo daquela senhora ministra da economia no in\u00edcio da d\u00e9cada de 1990 que promoveu o sequestro de 80% dos ativos financeiros dos brasileiros, sem ter a m\u00ednima ideia de que tal ato, profundamente autorit\u00e1rio, nem remotamente atacava a infla\u00e7\u00e3o. O que existe s\u00e3o aumentos acima da m\u00e9dia do pre\u00e7o desse ou daquele produto, que n\u00e3o se constituem em causa de infla\u00e7\u00e3o, pois s\u00e3o apenas efeitos. <\/em><\/p>\n<p><em>N\u00e3o h\u00e1 culpados pela infla\u00e7\u00e3o, sejam eles \u201cespeculadores\u201d, banqueiros malvados, galinhas ou \u201cpilantras\u201d. S\u00f3 h\u00e1 um respons\u00e1vel por ela, que \u00e9 o \u00f3rg\u00e3o emissor de moeda. Mas, pelo menos dessa vez, no mesmo discurso, o presidente do Brasil disse algo aproveit\u00e1vel, embora c\u00f4mico, ao sair em defesa das simp\u00e1ticas aves: ironizou a \u201cexplica\u00e7\u00e3o\u201d absurda criada por seu s\u00e9quito de bajuladores da imprensa, de que elas teriam parado de botar ovos por causa da onda de calor. N\u00e3o h\u00e1 mesmo limites para o puxa-saquismo.<\/em><\/p>\n<p>O artigo <strong>\u201cA com\u00e9dia das galinhas inflacion\u00e1rias\u201d<\/strong> est\u00e1 dispon\u00edvel a todos os mais de 100 mil assinantes da Revista <strong>Oeste<\/strong>.<\/p>\n<figure class=\"wp-block-image aligncenter size-full is-resized\"><picture><source data-srcset=\"https:\/\/medias.revistaoeste.com\/wp-content\/uploads\/2025\/03\/18A_ed262.jpg.webp 1920w, https:\/\/medias.revistaoeste.com\/wp-content\/uploads\/2025\/03\/18A_ed262-300x156.jpg.webp 300w, https:\/\/medias.revistaoeste.com\/wp-content\/uploads\/2025\/03\/18A_ed262-712x370.jpg.webp 712w, https:\/\/medias.revistaoeste.com\/wp-content\/uploads\/2025\/03\/18A_ed262-150x78.jpg.webp 150w\" data-sizes=\"(max-width: 1920px) 100vw, 1920px\" type=\"image\/webp\"><img alt=\"\" fetchpriority=\"high\" decoding=\"async\" width=\"1920\" height=\"1000\" src=\"https:\/\/medias.revistaoeste.com\/wp-content\/uploads\/2025\/03\/18A_ed262.jpg\" alt=\"\" class=\"wp-image-1934067\" style=\"width:587px;height:auto\" srcset=\"https:\/\/medias.revistaoeste.com\/wp-content\/uploads\/2025\/03\/18A_ed262.jpg 1920w, https:\/\/medias.revistaoeste.com\/wp-content\/uploads\/2025\/03\/18A_ed262-300x156.jpg 300w, https:\/\/medias.revistaoeste.com\/wp-content\/uploads\/2025\/03\/18A_ed262-712x370.jpg 712w, https:\/\/medias.revistaoeste.com\/wp-content\/uploads\/2025\/03\/18A_ed262-150x78.jpg 150w\" sizes=\"(max-width: 1920px) 100vw, 1920px\" data-eio=\"p\"\/><\/source><\/picture><figcaption class=\"wp-element-caption\">O presidente, em mais um discurso vazio, culpou terceiros pela alta do pre\u00e7o do ovo, chamou produtores de \u2018pilantras\u2019 e prometeu medidas intervencionistas para conter a \u2018infla\u00e7\u00e3o dos alimentos\u2019 | Foto: Shutterstock<\/figcaption><\/figure>\n<h2 class=\"wp-block-heading\">Revista Oeste<\/h2>\n<p>A Edi\u00e7\u00e3o 262 da Revista <strong>Oeste<\/strong> vai al\u00e9m do texto de Ubiratan Jorge Iorio. A publica\u00e7\u00e3o digital conta com reportagens especiais e artigos de J. R. Guzzo, Silvio Navarro, Cristyan Costa, Rodrigo Constantino, Guilherme Fiuza, Alexandre Garcia, Carlo Cauti, Anderson Scardoelli, Tiago Pavinatto, Roberto Motta, Augusto Nunes, Adalberto Piotto, Ana Paula Henkel, Carlo Cauti, Dagomir Marquezi, Brendan O\u2019Neill (da <strong><em>Spiked<\/em><\/strong>) e Daniela Giorno.<\/p>\n<p><em>Startup<\/em> de jornalismo on-line, a Revista <strong>Oeste<\/strong> est\u00e1 no ar desde mar\u00e7o de 2020. Sem aceitar an\u00fancios de \u00f3rg\u00e3os p\u00fablicos, o projeto \u00e9 financiado diretamente por seus assinantes. Para fazer parte da comunidade que apoia a publica\u00e7\u00e3o digital que defende a liberdade e o liberalismo econ\u00f4mico, basta <strong>clicar aqui<\/strong>, escolher o plan<\/p>\n<\/p><\/div>\n<p><br \/>\n<br \/>Fonte: <a href=\"https:\/\/revistaoeste.com\/economia\/nao-ha-culpados-para-a-inflacao-dos-alimentos\/\">Revista oeste<\/a><\/p>\n","protected":false},"excerpt":{"rendered":"<p>Em um artigo para a Edi\u00e7\u00e3o 262 da Revista Oeste, o economista Ubiratan Jorge Iorio explica que a tal \u201cinfla\u00e7\u00e3o dos alimentos\u201d, relatada por jornalistas e analistas de economia, n\u00e3o existe. De acordo com Ubiratan, classificar o aumento dos pre\u00e7os desta forma \u00e9 um equ\u00edvoco. \u201cN\u00e3o h\u00e1 culpados pela infla\u00e7\u00e3o, sejam eles \u201cespeculadores\u201d, banqueiros malvados, [&hellip;]<\/p>\n","protected":false},"author":5,"featured_media":6653,"comment_status":"open","ping_status":"open","sticky":false,"template":"","format":"standard","meta":{"_seopress_robots_primary_cat":"","_seopress_titles_title":"","_seopress_titles_desc":"","_seopress_robots_index":"","footnotes":""},"categories":[45],"tags":[],"class_list":["post-9766","post","type-post","status-publish","format-standard","has-post-thumbnail","hentry","category-economia"],"_links":{"self":[{"href":"https:\/\/mussicom.com\/noticias\/wp-json\/wp\/v2\/posts\/9766","targetHints":{"allow":["GET"]}}],"collection":[{"href":"https:\/\/mussicom.com\/noticias\/wp-json\/wp\/v2\/posts"}],"about":[{"href":"https:\/\/mussicom.com\/noticias\/wp-json\/wp\/v2\/types\/post"}],"author":[{"embeddable":true,"href":"https:\/\/mussicom.com\/noticias\/wp-json\/wp\/v2\/users\/5"}],"replies":[{"embeddable":true,"href":"https:\/\/mussicom.com\/noticias\/wp-json\/wp\/v2\/comments?post=9766"}],"version-history":[{"count":0,"href":"https:\/\/mussicom.com\/noticias\/wp-json\/wp\/v2\/posts\/9766\/revisions"}],"wp:featuredmedia":[{"embeddable":true,"href":"https:\/\/mussicom.com\/noticias\/wp-json\/wp\/v2\/media\/6653"}],"wp:attachment":[{"href":"https:\/\/mussicom.com\/noticias\/wp-json\/wp\/v2\/media?parent=9766"}],"wp:term":[{"taxonomy":"category","embeddable":true,"href":"https:\/\/mussicom.com\/noticias\/wp-json\/wp\/v2\/categories?post=9766"},{"taxonomy":"post_tag","embeddable":true,"href":"https:\/\/mussicom.com\/noticias\/wp-json\/wp\/v2\/tags?post=9766"}],"curies":[{"name":"wp","href":"https:\/\/api.w.org\/{rel}","templated":true}]}}