{"id":9764,"date":"2025-04-02T19:06:08","date_gmt":"2025-04-02T22:06:08","guid":{"rendered":"https:\/\/mussicom.com\/atrasar-o-futuro-do-brasil-e-trabalho-profissional\/"},"modified":"2025-04-02T19:06:08","modified_gmt":"2025-04-02T22:06:08","slug":"atrasar-o-futuro-do-brasil-e-trabalho-profissional","status":"publish","type":"post","link":"https:\/\/mussicom.com\/noticias\/atrasar-o-futuro-do-brasil-e-trabalho-profissional\/","title":{"rendered":"Atrasar o futuro do Brasil \u00e9 trabalho profissional"},"content":{"rendered":"<p> <br \/>\n<\/p>\n<div id=\"hd80s9wa1h892edh8192\">\n<p>Em reportagem publicada na <strong>Edi\u00e7\u00e3o 262<\/strong> da Revista <strong>Oeste<\/strong>, Adalberto Piotto fala do abismo entre o horizonte de possibilidades dos jovens de pa\u00edses desenvolvidos e do Brasil. Enquanto o planejamento no exterior visa preparar as novas gera\u00e7\u00f5es para uma vida integrada \u00e0 intelig\u00eancia artificial, por aqui as institui\u00e7\u00f5es ainda n\u00e3o chegaram a um consenso a respeito de direitos fundamentais.\u00a0<\/p>\n<p>O contexto brasileiro atual, diz o autor, empurra o pa\u00eds para um \u201cpassado obscuro de opress\u00e3o e persegui\u00e7\u00e3o estatal sem lei que j\u00e1 t\u00ednhamos superado no fim dos anos 70\u201d. Assim, o ambiente obriga uma gera\u00e7\u00e3o inteira a conquistar mais uma vez o que j\u00e1 deveria estar consolidado: os direitos \u00e0 liberdade de express\u00e3o, propriedade privada e \u00e0 vida.\u00a0<\/p>\n<h2 class=\"wp-block-heading\"><strong>Leia um trecho da reportagem sobre a estagna\u00e7\u00e3o intelectual do Brasil<\/strong><\/h2>\n<p><em>\u201cA perda de direitos garantidos e a nova luta por recuper\u00e1-los \u00e9 o exemplo do que chamo de perda de tempo cr\u00f4nica que nos afeta como sociedade. Muitas mentes que poderiam estar discutindo solu\u00e7\u00f5es para os novos problemas ou desafios de nossa \u00e9poca est\u00e3o sendo obrigadas \u2014 por necessidade premente \u2014 a defender novamente os nossos mais b\u00e1sicos direitos: o de express\u00e3o e todas as garantias civis da Constitui\u00e7\u00e3o de 1988. Como envolver o pa\u00eds numa discuss\u00e3o s\u00e9ria da educa\u00e7\u00e3o e da vida econ\u00f4mica sob a intelig\u00eancia artificial num ambiente como este? O tempo passa para os outros. Para n\u00f3s, se perde.<\/em><\/p>\n<p><em>Provavelmente, o Brasil deve ser um dos poucos pa\u00edses do mundo em que a solu\u00e7\u00e3o de quase todos os seus problemas est\u00e1 aqui dentro. Mas tamb\u00e9m somos um pa\u00eds que cria problemas para si que n\u00e3o t\u00eam mais raz\u00e3o de existir. Com isso, \u00e9 necess\u00e1rio um gasto de energia dobrado, um retrabalho. \u00c9 como se a \u00e1gua que movimentou o moinho para gerar energia precisasse passar duas vezes pela roda d\u2019\u00e1gua para gerar a mesma energia. \u00c9 falta de intelig\u00eancia que desdenha do esfor\u00e7o de quem trabalha s\u00e9rio.\u201d<\/em><\/p>\n<p>A reportagem <strong>\u201cFalta intelig\u00eancia\u201d<\/strong> est\u00e1 dispon\u00edvel a todos os mais de 100 mil assinantes da Revista <strong>Oeste<\/strong>.<\/p>\n<figure class=\"wp-block-image aligncenter size-full\"><picture><source data-srcset=\"https:\/\/medias.revistaoeste.com\/wp-content\/uploads\/2025\/04\/PF-scaled-1.jpg.webp 2560w, https:\/\/medias.revistaoeste.com\/wp-content\/uploads\/2025\/04\/PF-scaled-1-300x200.jpg.webp 300w, https:\/\/medias.revistaoeste.com\/wp-content\/uploads\/2025\/04\/PF-scaled-1-150x100.jpg.webp 150w\" data-sizes=\"(max-width: 2560px) 100vw, 2560px\" type=\"image\/webp\"><img alt=\"\" fetchpriority=\"high\" decoding=\"async\" width=\"2560\" height=\"1707\" src=\"https:\/\/medias.revistaoeste.com\/wp-content\/uploads\/2025\/04\/PF-scaled-1.jpg\" alt=\"\" class=\"wp-image-1944928\" srcset=\"https:\/\/medias.revistaoeste.com\/wp-content\/uploads\/2025\/04\/PF-scaled-1.jpg 2560w, https:\/\/medias.revistaoeste.com\/wp-content\/uploads\/2025\/04\/PF-scaled-1-300x200.jpg 300w, https:\/\/medias.revistaoeste.com\/wp-content\/uploads\/2025\/04\/PF-scaled-1-150x100.jpg 150w\" sizes=\"(max-width: 2560px) 100vw, 2560px\" data-eio=\"p\"\/><\/source><\/picture><figcaption class=\"wp-element-caption\">Vida, liberdade e propriedade ainda n\u00e3o s\u00e3o direitos consolidados para as institui\u00e7\u00f5es p\u00fablicas do pa\u00eds  | Foto: Rafa Neddermeyer\/Ag\u00eancia Brasil<\/figcaption><\/figure>\n<p>Gostou? D\u00ea uma olhada no conte\u00fado abaixo.<\/p>\n<h2 class=\"wp-block-heading\"><strong>Revista Oeste<\/strong><\/h2>\n<p>A Edi\u00e7\u00e3o 260 da Revista <strong>Oeste<\/strong> vai al\u00e9m do texto de Adalberto Piotto. A publica\u00e7\u00e3o digital conta com reportagens especiais e artigos de J. R. Guzzo, Silvio Navarro, Rodrigo Constantino, Guilherme Fiuza, Alexandre Garcia, Cristyan Costa, Anderson Scardoelli, Carlo Cauti, Roberto Motta, Tiago Pavinatto, Augusto Nunes, Ana Paula Henkel, Dagomir Marquezi, Brendan O\u2019Neill (da <strong><em>Spiked<\/em><\/strong>), Daniela Giorno e Ubiratan Jorge Iorio.<\/p>\n<p><em>Startup<\/em> de jornalismo on-line, a Revista <strong>Oeste<\/strong> est\u00e1 no ar desde mar\u00e7o de 2020. Sem aceitar an\u00fancios de \u00f3rg\u00e3os p\u00fablicos, o projeto \u00e9 financiado diretamente por seus assinantes. Para fazer parte da comunidade que apoia a publica\u00e7\u00e3o digital que defende a liberdade e o liberalismo econ\u00f4mico, basta <strong>clicar aqui<\/strong>, escolher o plano e seguir os passos indicados.<\/p>\n<\/p><\/div>\n<p><br \/>\n<br \/>Fonte: <a href=\"https:\/\/revistaoeste.com\/politica\/atrasar-o-futuro-do-brasil-e-trabalho-profissional\/\">Ag\u00eancia Brasil<\/a><\/p>\n","protected":false},"excerpt":{"rendered":"<p>Em reportagem publicada na Edi\u00e7\u00e3o 262 da Revista Oeste, Adalberto Piotto fala do abismo entre o horizonte de possibilidades dos jovens de pa\u00edses desenvolvidos e do Brasil. Enquanto o planejamento no exterior visa preparar as novas gera\u00e7\u00f5es para uma vida integrada \u00e0 intelig\u00eancia artificial, por aqui as institui\u00e7\u00f5es ainda n\u00e3o chegaram a um consenso a [&hellip;]<\/p>\n","protected":false},"author":5,"featured_media":9765,"comment_status":"open","ping_status":"open","sticky":false,"template":"","format":"standard","meta":{"_seopress_robots_primary_cat":"","_seopress_titles_title":"","_seopress_titles_desc":"","_seopress_robots_index":"","footnotes":""},"categories":[47,1],"tags":[],"class_list":["post-9764","post","type-post","status-publish","format-standard","has-post-thumbnail","hentry","category-politica","category-ultimas-noticias"],"_links":{"self":[{"href":"https:\/\/mussicom.com\/noticias\/wp-json\/wp\/v2\/posts\/9764","targetHints":{"allow":["GET"]}}],"collection":[{"href":"https:\/\/mussicom.com\/noticias\/wp-json\/wp\/v2\/posts"}],"about":[{"href":"https:\/\/mussicom.com\/noticias\/wp-json\/wp\/v2\/types\/post"}],"author":[{"embeddable":true,"href":"https:\/\/mussicom.com\/noticias\/wp-json\/wp\/v2\/users\/5"}],"replies":[{"embeddable":true,"href":"https:\/\/mussicom.com\/noticias\/wp-json\/wp\/v2\/comments?post=9764"}],"version-history":[{"count":0,"href":"https:\/\/mussicom.com\/noticias\/wp-json\/wp\/v2\/posts\/9764\/revisions"}],"wp:featuredmedia":[{"embeddable":true,"href":"https:\/\/mussicom.com\/noticias\/wp-json\/wp\/v2\/media\/9765"}],"wp:attachment":[{"href":"https:\/\/mussicom.com\/noticias\/wp-json\/wp\/v2\/media?parent=9764"}],"wp:term":[{"taxonomy":"category","embeddable":true,"href":"https:\/\/mussicom.com\/noticias\/wp-json\/wp\/v2\/categories?post=9764"},{"taxonomy":"post_tag","embeddable":true,"href":"https:\/\/mussicom.com\/noticias\/wp-json\/wp\/v2\/tags?post=9764"}],"curies":[{"name":"wp","href":"https:\/\/api.w.org\/{rel}","templated":true}]}}