{"id":9729,"date":"2025-04-02T16:03:00","date_gmt":"2025-04-02T19:03:00","guid":{"rendered":"https:\/\/www.mussicom.com\/bolsonaro-critica-guerra-comercial-do-governo-lula-com-os-eua\/"},"modified":"2025-04-02T16:03:00","modified_gmt":"2025-04-02T19:03:00","slug":"bolsonaro-critica-guerra-comercial-do-governo-lula-com-os-eua","status":"publish","type":"post","link":"https:\/\/mussicom.com\/noticias\/bolsonaro-critica-guerra-comercial-do-governo-lula-com-os-eua\/","title":{"rendered":"Bolsonaro critica &#8216;guerra comercial&#8217; do governo Lula com os EUA"},"content":{"rendered":"<p> <br \/>\n<\/p>\n<div id=\"hd80s9wa1h892edh8192\">\n<p>O ex-presidente Jair Bolsonaro (PL) criticou o que chamou de \u201cuma eventual guerra comercial\u201d do governo do presidente <strong>Luiz In\u00e1cio Lula da Silva<\/strong> com os Estados Unidos.<\/p>\n<blockquote class=\"wp-block-quote is-layout-flow wp-block-quote-is-layout-flow\">\n<p>Em publica\u00e7\u00e3o no X, nesta quarta-feira, 2, o ex-presidente afirmou que \u201cessa n\u00e3o \u00e9 uma estrat\u00e9gia inteligente\u201d.<\/p>\n<\/blockquote>\n<p>Bolsonaro se referiu \u00e0 resposta de Lula em rela\u00e7\u00e3o ao plano de <strong>Trump<\/strong> para impor novas tarifas a pa\u00edses considerados desleais nos acordos com os EUA. O Brasil est\u00e1 entre os principais alvos. O republicano batizou a medida de \u201cDia da Liberta\u00e7\u00e3o\u201d.<\/p>\n<figure class=\"wp-block-embed is-type-rich is-provider-twitter wp-block-embed-twitter\">\n<div class=\"wp-block-embed__wrapper\">\n<blockquote class=\"twitter-tweet\" data-width=\"500\" data-dnt=\"true\">\n<p lang=\"pt\" dir=\"ltr\">\u2013 Uma eventual guerra comercial com os EUA n\u00e3o \u00e9 uma estrat\u00e9gia inteligente e que preserva os interesses do povo brasileiro. A \u00fanica resposta razo\u00e1vel \u00e0 tarifa\u00e7\u00e3o rec\u00edproca dos EUA \u00e9 o governo Lula extinguir a mentalidade socialista que imp\u00f5e grandes tarifas aos produtos\u2026<\/p>\n<p>\u2014 Jair M. Bolsonaro (@jairbolsonaro) <a href=\"https:\/\/twitter.com\/jairbolsonaro\/status\/1907445853624709554?ref_src=twsrc%5Etfw\">April 2, 2025<\/a><\/p><\/blockquote>\n<\/div>\n<\/figure>\n<p>Em resposta ao an\u00fancio do presidente norte-americano, Lula enviou um alerta formal ao governo dos EUA e sinalizou que pode recorrer \u00e0 Organiza\u00e7\u00e3o Mundial do Com\u00e9rcio. Durante visita ao Jap\u00e3o, o petista n\u00e3o descartou retalia\u00e7\u00f5es ao dizer que n\u00e3o vai aceitar \u201cque eles imponham tarifas\u201d.<\/p>\n<h2 class=\"wp-block-heading\">\u201cMentalidade socialista\u201d<\/h2>\n<p>Para Bolsonaro, a \u00fanica resposta razo\u00e1vel de Lula \u00e0 medida de Trump seria \u201cextinguir a mentalidade socialista que imp\u00f5e grandes tarifas aos produtos norte-americanos\u201d. \u201cIsso inviabiliza o povo brasileiro de ter acesso a produtos de qualidade mais baratos\u201d, disse.<\/p>\n<figure class=\"wp-block-image aligncenter size-full\"><picture><source data-srcset=\"https:\/\/medias.revistaoeste.com\/wp-content\/uploads\/2025\/03\/Trump-6-scaled.jpg.webp 2560w, https:\/\/medias.revistaoeste.com\/wp-content\/uploads\/2025\/03\/Trump-6-300x200.jpg.webp 300w, https:\/\/medias.revistaoeste.com\/wp-content\/uploads\/2025\/03\/Trump-6-150x100.jpg.webp 150w\" data-sizes=\"(max-width: 2560px) 100vw, 2560px\" type=\"image\/webp\"><img fetchpriority=\"high\" decoding=\"async\" width=\"2560\" height=\"1707\" src=\"https:\/\/medias.revistaoeste.com\/wp-content\/uploads\/2025\/03\/Trump-6-scaled.jpg\" alt=\"Trump tem reiteradamente afirmado que os EUA deveriam incorporar a Groenl\u00e2ndia | Foto: Reprodu\u00e7\u00e3o\/Flickr\" class=\"wp-image-1936083\" srcset=\"https:\/\/medias.revistaoeste.com\/wp-content\/uploads\/2025\/03\/Trump-6-scaled.jpg 2560w, https:\/\/medias.revistaoeste.com\/wp-content\/uploads\/2025\/03\/Trump-6-300x200.jpg 300w, https:\/\/medias.revistaoeste.com\/wp-content\/uploads\/2025\/03\/Trump-6-150x100.jpg 150w\" sizes=\"(max-width: 2560px) 100vw, 2560px\" data-eio=\"p\"\/><\/source><\/picture><figcaption class=\"wp-element-caption\">Trump afirmou que vai impor novas tarifas a pa\u00edses considerados desleais nos acordos com os EUA | Foto: Reprodu\u00e7\u00e3o\/Flickr<\/figcaption><\/figure>\n<p>De acordo com Bolsonaro, Trump imp\u00f5e as tarifas para proteger os EUA do \u201cv\u00edrus socialista\u201d. O ex-chefe do Executivo ainda afirmou que \u201cdobrar a aposta e escalar a crise com nosso segundo maior parceiro comercial n\u00e3o \u00e9 uma resposta s\u00e1bia\u201d.<\/p>\n<h2 class=\"wp-block-heading\">Medidas do governo Bolsonaro<\/h2>\n<p>Bolsonaro lembrou que, em seu governo, reduziu tributos de mais de 4 mil itens, o que resultou em arrecada\u00e7\u00e3o recorde aos cofres p\u00fablicos do Brasil.<\/p>\n<p>O impacto da a\u00e7\u00e3o de Trump pode ser profundo no Brasil. <strong>Especialistas preveem desacelera\u00e7\u00e3o no Produto Interno Bruto (PIB)<\/strong>, press\u00e3o inflacion\u00e1ria e dificuldade para reduzir a taxa Selic.<\/p>\n<figure class=\"wp-block-embed is-type-video is-provider-youtube wp-block-embed-youtube wp-embed-aspect-16-9 wp-has-aspect-ratio\">\n<div class=\"wp-block-embed__wrapper\">\n<div class=\"perfmatters-lazy-youtube\" data-src=\"https:\/\/www.youtube.com\/embed\/zbcnSpG1srY\" data-id=\"zbcnSpG1srY\" data-query=\"feature=oembed\" onclick=\"perfmattersLazyLoadYouTube(this);\">\n<div><img decoding=\"async\" alt=\"YouTube video\" width=\"480\" height=\"360\" data-pin-nopin=\"true\" nopin=\"nopin\" class=\"perfmatters-lazy\" src=\"https:\/\/i.ytimg.com\/vi\/zbcnSpG1srY\/hqdefault.jpg\"\/><img decoding=\"async\" src=\"https:\/\/i.ytimg.com\/vi\/zbcnSpG1srY\/hqdefault.jpg\" alt=\"YouTube video\" width=\"480\" height=\"360\" data-pin-nopin=\"true\" nopin=\"nopin\"\/><\/div>\n<\/div>\n<p><noscript><iframe title=\"PT afirma que Lula &#039;d\u00e1 sorte&#039; para a economia: &#039;Descolamento da realidade&#039;\" width=\"800\" height=\"450\" src=\"https:\/\/www.youtube.com\/embed\/zbcnSpG1srY?feature=oembed\" frameborder=\"0\" allow=\"accelerometer; autoplay; clipboard-write; encrypted-media; gyroscope; picture-in-picture; web-share\" referrerpolicy=\"strict-origin-when-cross-origin\" allowfullscreen><\/iframe><\/noscript>\n<\/div>\n<\/figure>\n<p>Al\u00e9m disso, a entrada de d\u00f3lares no Brasil pode cair. O real deve perder o valor. Com isso, o Banco Central ficaria com menos margem para baixar os juros.<\/p>\n<p><strong>+ Leia mais not\u00edcias de Pol\u00edtica em Oeste<\/strong><\/p>\n<p>A posi\u00e7\u00e3o do Brasil \u00e9 considerada vulner\u00e1vel. O pa\u00eds lidera a lista de na\u00e7\u00f5es com tarifas mais altas. Um memorando divulgado em fevereiro mostrou que o etanol norte-americano paga 18% para entrar no Brasil, enquanto o produto brasileiro \u00e9 taxado em apenas 2,5% nos EUA.<\/p>\n<p><related-posts class=\"border-y border-gray-300 py-5\"><\/p>\n<h2 class=\"!text-2xl text-black font-primary font-semibold leading-none mb-3\">\n    Leia tamb\u00e9m:<br \/>\n  <\/h2>\n<p><\/related-posts><\/p><\/div>\n<p><script async src=\"\/\/platform.twitter.com\/widgets.js\" charset=\"utf-8\"><\/script><br \/>\n<br \/><br \/>\n<br \/>Fonte: <a href=\"https:\/\/revistaoeste.com\/politica\/bolsonaro-critica-guerra-comercial-do-governo-lula-com-os-eua\/\">Ag\u00eancia Brasil<\/a><\/p>\n","protected":false},"excerpt":{"rendered":"<p>O ex-presidente Jair Bolsonaro (PL) criticou o que chamou de \u201cuma eventual guerra comercial\u201d do governo do presidente Luiz In\u00e1cio Lula da Silva com os Estados Unidos. Em publica\u00e7\u00e3o no X, nesta quarta-feira, 2, o ex-presidente afirmou que \u201cessa n\u00e3o \u00e9 uma estrat\u00e9gia inteligente\u201d. Bolsonaro se referiu \u00e0 resposta de Lula em rela\u00e7\u00e3o ao plano [&hellip;]<\/p>\n","protected":false},"author":5,"featured_media":9730,"comment_status":"open","ping_status":"open","sticky":false,"template":"","format":"standard","meta":{"_seopress_robots_primary_cat":"","_seopress_titles_title":"","_seopress_titles_desc":"","_seopress_robots_index":"","footnotes":""},"categories":[47,1],"tags":[],"class_list":["post-9729","post","type-post","status-publish","format-standard","has-post-thumbnail","hentry","category-politica","category-ultimas-noticias"],"_links":{"self":[{"href":"https:\/\/mussicom.com\/noticias\/wp-json\/wp\/v2\/posts\/9729","targetHints":{"allow":["GET"]}}],"collection":[{"href":"https:\/\/mussicom.com\/noticias\/wp-json\/wp\/v2\/posts"}],"about":[{"href":"https:\/\/mussicom.com\/noticias\/wp-json\/wp\/v2\/types\/post"}],"author":[{"embeddable":true,"href":"https:\/\/mussicom.com\/noticias\/wp-json\/wp\/v2\/users\/5"}],"replies":[{"embeddable":true,"href":"https:\/\/mussicom.com\/noticias\/wp-json\/wp\/v2\/comments?post=9729"}],"version-history":[{"count":0,"href":"https:\/\/mussicom.com\/noticias\/wp-json\/wp\/v2\/posts\/9729\/revisions"}],"wp:featuredmedia":[{"embeddable":true,"href":"https:\/\/mussicom.com\/noticias\/wp-json\/wp\/v2\/media\/9730"}],"wp:attachment":[{"href":"https:\/\/mussicom.com\/noticias\/wp-json\/wp\/v2\/media?parent=9729"}],"wp:term":[{"taxonomy":"category","embeddable":true,"href":"https:\/\/mussicom.com\/noticias\/wp-json\/wp\/v2\/categories?post=9729"},{"taxonomy":"post_tag","embeddable":true,"href":"https:\/\/mussicom.com\/noticias\/wp-json\/wp\/v2\/tags?post=9729"}],"curies":[{"name":"wp","href":"https:\/\/api.w.org\/{rel}","templated":true}]}}