{"id":9606,"date":"2025-04-02T04:28:43","date_gmt":"2025-04-02T07:28:43","guid":{"rendered":"https:\/\/www.mussicom.com\/pl-apresenta-recurso-para-camara-sustar-acao-contra-ramagem-no-stf\/"},"modified":"2025-04-02T04:28:43","modified_gmt":"2025-04-02T07:28:43","slug":"pl-apresenta-recurso-para-camara-sustar-acao-contra-ramagem-no-stf","status":"publish","type":"post","link":"https:\/\/mussicom.com\/noticias\/pl-apresenta-recurso-para-camara-sustar-acao-contra-ramagem-no-stf\/","title":{"rendered":"PL apresenta recurso para C\u00e2mara sustar a\u00e7\u00e3o contra Ramagem no STF"},"content":{"rendered":"<p> <br \/>\n<\/p>\n<div><\/p>\n<div>Com base em um artigo constitucional, o PL decidiu apresentar recurso para sustar a\u00e7\u00e3o penal contra Ramagem. Leia na Gazeta do Povo.<\/div>\n<\/div>\n<p><br \/>\n<br \/>Fonte: <a href=\"https:\/\/www.gazetadopovo.com.br\/republica\/pl-apresenta-recurso-para-camara-sustar-acao-contra-ramagem-no-stf\/\">Revista Oeste<\/a><\/p>\n","protected":false},"excerpt":{"rendered":"<p>Com base em um artigo constitucional, o PL decidiu apresentar recurso para sustar a\u00e7\u00e3o penal contra Ramagem. Leia na Gazeta do Povo. Fonte: Revista Oeste<\/p>\n","protected":false},"author":5,"featured_media":9607,"comment_status":"open","ping_status":"open","sticky":false,"template":"","format":"standard","meta":{"_seopress_robots_primary_cat":"","_seopress_titles_title":"","_seopress_titles_desc":"","_seopress_robots_index":"","footnotes":""},"categories":[1],"tags":[],"class_list":["post-9606","post","type-post","status-publish","format-standard","has-post-thumbnail","hentry","category-ultimas-noticias"],"_links":{"self":[{"href":"https:\/\/mussicom.com\/noticias\/wp-json\/wp\/v2\/posts\/9606","targetHints":{"allow":["GET"]}}],"collection":[{"href":"https:\/\/mussicom.com\/noticias\/wp-json\/wp\/v2\/posts"}],"about":[{"href":"https:\/\/mussicom.com\/noticias\/wp-json\/wp\/v2\/types\/post"}],"author":[{"embeddable":true,"href":"https:\/\/mussicom.com\/noticias\/wp-json\/wp\/v2\/users\/5"}],"replies":[{"embeddable":true,"href":"https:\/\/mussicom.com\/noticias\/wp-json\/wp\/v2\/comments?post=9606"}],"version-history":[{"count":0,"href":"https:\/\/mussicom.com\/noticias\/wp-json\/wp\/v2\/posts\/9606\/revisions"}],"wp:featuredmedia":[{"embeddable":true,"href":"https:\/\/mussicom.com\/noticias\/wp-json\/wp\/v2\/media\/9607"}],"wp:attachment":[{"href":"https:\/\/mussicom.com\/noticias\/wp-json\/wp\/v2\/media?parent=9606"}],"wp:term":[{"taxonomy":"category","embeddable":true,"href":"https:\/\/mussicom.com\/noticias\/wp-json\/wp\/v2\/categories?post=9606"},{"taxonomy":"post_tag","embeddable":true,"href":"https:\/\/mussicom.com\/noticias\/wp-json\/wp\/v2\/tags?post=9606"}],"curies":[{"name":"wp","href":"https:\/\/api.w.org\/{rel}","templated":true}]}}