{"id":9582,"date":"2025-04-02T01:24:23","date_gmt":"2025-04-02T04:24:23","guid":{"rendered":"https:\/\/mussicom.com\/trump-quer-terceiro-mandato-enquanto-brasil-quer-fim-da-reeleicao\/"},"modified":"2025-04-02T01:24:23","modified_gmt":"2025-04-02T04:24:23","slug":"trump-quer-terceiro-mandato-enquanto-brasil-quer-fim-da-reeleicao","status":"publish","type":"post","link":"https:\/\/mussicom.com\/noticias\/trump-quer-terceiro-mandato-enquanto-brasil-quer-fim-da-reeleicao\/","title":{"rendered":"Trump quer terceiro mandato enquanto Brasil quer fim da reelei\u00e7\u00e3o"},"content":{"rendered":"<p> <br \/>\n<\/p>\n<div>\n<p><span class=\"overline_overline__ffb4K overline_type-default__WECBy\">Reforma eleitoral em pauta<\/span><\/p>\n<div class=\"postLayout_post-credits__HRGpY\">\n<ul class=\"postCredits_post-author-list__riK0D\">\n<li class=\"postCredits_post-author-item__FmpJ2\"><span class=\"postCredits_post-author-avatar__qDNWJ\"><picture class=\"Avatar-module_avatarContainer__YSeuh Avatar-module_default__CJFMZ\"><\/picture><\/span>\n<p class=\"styles-module_size-xmini__730lO styles-module_font-family2__gjLIe styles-module_color-gray6__dWVZf styles-module_weight-bold__x3Otv\">Por<!-- --> S\u00edlvio Ribas<\/p>\n<\/li>\n<li class=\"postCredits_post-author-item__FmpJ2\">\n<p class=\"styles-module_size-xmini__730lO styles-module_font-family2__gjLIe styles-module_color-gray6__dWVZf styles-module_weight-regular__mHr7u\">Bras\u00edlia<\/p>\n<\/li>\n<li class=\"postCredits_post-author-item__FmpJ2\">\n<p class=\"styles-module_size-xmini__730lO styles-module_font-family2__gjLIe styles-module_color-gray6__dWVZf styles-module_weight-regular__mHr7u\">01\/04\/2025 \u00e0s 21:05<\/p>\n<\/li>\n<\/ul>\n<\/div>\n<div class=\"postLayout_post-wrappper__UZT2Z\">\n<div class=\"postLayout_post-content__gsXFz\">\n<div class=\"postMainImage_post-main-image-info__AaDnR\">\n<div class=\"postMainImage_post-main-image__hO_hw\"><picture class=\"imageDefault_image-container__XGd8_\"><source type=\"image\/jpeg\" srcset=\"[object Object] 1600w, [object Object] 1200w, [object Object] 800w, [object Object] 400w\"\/><img fetchpriority=\"high\" alt=\"marcelo castro - relator - or\u00e7amento - 2023\" fetchpriority=\"high\" width=\"752\" height=\"424\" decoding=\"async\" data-nimg=\"1\" class=\"imageDefault_image-item__lU2Dk\" style=\"color:transparent\" src=\"https:\/\/www.gazetadopovo.com.br\/_next\/static\/media\/fallback-16x9.827efae6.svg\"\/><\/picture><\/div>\n<p><span class=\"postMainImage_post-main-image-caption__8y_dS\">Relator do novo c\u00f3digo eleitoral no Senado, Marcelo Castro (MDB-PI), tamb\u00e9m propor\u00e1 emenda constitucional para acabar com a reelei\u00e7\u00e3o.<!-- --> (Foto:<!-- --> <!-- -->Edilson Rodrigues\/Ag\u00eancia Senado<!-- -->)<\/span><\/div>\n<div class=\"sendError_send-error-container__sFti9\">\n<div class=\"Collapse-module_collapse__Q7ev- Collapse-module_isClose__Ifarh\">\n<div class=\"Collapse-module_collapse__button__kf7uc\" aria-expanded=\"false\"><span class=\"sendError_send-error-title-content__VBgNk\"><svg xmlns=\"http:\/\/www.w3.org\/2000\/svg\" width=\"24\" height=\"24\" viewbox=\"0 0 24 24\"><rect id=\"container\" width=\"24\" height=\"24\" fill=\"none\"\/><path d=\"M19.031,20.068H2.605A2.621,2.621,0,0,1,.338,18.662a2.883,2.883,0,0,1,.006-2.719.014.014,0,0,0,0-.012L8.558,1.348a2.578,2.578,0,0,1,4.531,0L21.3,15.932c0,.006,0,.006,0,.012a2.9,2.9,0,0,1,.006,2.719,2.621,2.621,0,0,1-2.268,1.406ZM9.775,2.039,1.57,16.617A1.476,1.476,0,0,0,1.57,18a1.237,1.237,0,0,0,1.051.674H19.027A1.237,1.237,0,0,0,20.078,18a1.476,1.476,0,0,0,0-1.381L11.873,2.033a1.18,1.18,0,0,0-2.1.006ZM9.7,15.4a1.2,1.2,0,1,1,1.2,1.2A1.2,1.2,0,0,1,9.7,15.4Zm.424-2.8V7.473h1.4V12.6Z\" transform=\"translate(1.303 1.598)\" fill=\"#717171\"\/><\/svg><\/p>\n<p class=\"styles-module_size-xmini__730lO styles-module_font-family2__gjLIe styles-module_color-gray6__dWVZf styles-module_weight-regular__mHr7u sendError_send-error-title__DPk3f\">Encontrou algo errado na mat\u00e9ria?<\/p>\n<p><\/span><\/p>\n<p class=\"styles-module_size-xmini__730lO styles-module_font-family2__gjLIe styles-module_color-secondary__pqKRx styles-module_weight-bold__x3Otv\">Comunique erros<\/p>\n<p><span class=\"Collapse-module_collapse__icon__E9pIu\"><svg xmlns=\"http:\/\/www.w3.org\/2000\/svg\" width=\"24\" height=\"24\"><path d=\"M12 17.414 3.293 8.707l1.414-1.414L12 14.586l7.293-7.293 1.414 1.414L12 17.414z\" fill=\"#717171\"\/><\/svg><\/span><\/div>\n<div style=\"max-height:0px;overflow:hidden;transition:max-height 0.3s ease\">\n<p class=\"styles-module_size-mini__vwFu1 styles-module_font-family2__gjLIe styles-module_color-secondary__pqKRx styles-module_weight-bold__x3Otv sendError_send-error-collapse-title__52vQ_\">Use este espa\u00e7o apenas para a comunica\u00e7\u00e3o de erros<\/p>\n<\/div>\n<\/div>\n<\/div>\n<\/div>\n<\/div>\n<\/div>\n<p><br \/>\n<br \/>Fonte: <a href=\"https:\/\/www.gazetadopovo.com.br\/republica\/parlamentares-brasileiros-vao-na-contramao-de-trump-e-discutem-fim-da-reeleicao\/\">Revista Oeste<\/a><\/p>\n","protected":false},"excerpt":{"rendered":"<p>Reforma eleitoral em pauta Por S\u00edlvio Ribas Bras\u00edlia 01\/04\/2025 \u00e0s 21:05 Relator do novo c\u00f3digo eleitoral no Senado, Marcelo Castro (MDB-PI), tamb\u00e9m propor\u00e1 emenda constitucional para acabar com a reelei\u00e7\u00e3o. (Foto: Edilson Rodrigues\/Ag\u00eancia Senado) Encontrou algo errado na mat\u00e9ria? Comunique erros Use este espa\u00e7o apenas para a comunica\u00e7\u00e3o de erros Fonte: Revista Oeste<\/p>\n","protected":false},"author":5,"featured_media":9583,"comment_status":"open","ping_status":"open","sticky":false,"template":"","format":"standard","meta":{"_seopress_robots_primary_cat":"","_seopress_titles_title":"","_seopress_titles_desc":"","_seopress_robots_index":"","footnotes":""},"categories":[1],"tags":[],"class_list":["post-9582","post","type-post","status-publish","format-standard","has-post-thumbnail","hentry","category-ultimas-noticias"],"_links":{"self":[{"href":"https:\/\/mussicom.com\/noticias\/wp-json\/wp\/v2\/posts\/9582","targetHints":{"allow":["GET"]}}],"collection":[{"href":"https:\/\/mussicom.com\/noticias\/wp-json\/wp\/v2\/posts"}],"about":[{"href":"https:\/\/mussicom.com\/noticias\/wp-json\/wp\/v2\/types\/post"}],"author":[{"embeddable":true,"href":"https:\/\/mussicom.com\/noticias\/wp-json\/wp\/v2\/users\/5"}],"replies":[{"embeddable":true,"href":"https:\/\/mussicom.com\/noticias\/wp-json\/wp\/v2\/comments?post=9582"}],"version-history":[{"count":0,"href":"https:\/\/mussicom.com\/noticias\/wp-json\/wp\/v2\/posts\/9582\/revisions"}],"wp:featuredmedia":[{"embeddable":true,"href":"https:\/\/mussicom.com\/noticias\/wp-json\/wp\/v2\/media\/9583"}],"wp:attachment":[{"href":"https:\/\/mussicom.com\/noticias\/wp-json\/wp\/v2\/media?parent=9582"}],"wp:term":[{"taxonomy":"category","embeddable":true,"href":"https:\/\/mussicom.com\/noticias\/wp-json\/wp\/v2\/categories?post=9582"},{"taxonomy":"post_tag","embeddable":true,"href":"https:\/\/mussicom.com\/noticias\/wp-json\/wp\/v2\/tags?post=9582"}],"curies":[{"name":"wp","href":"https:\/\/api.w.org\/{rel}","templated":true}]}}