{"id":9559,"date":"2025-04-01T22:53:16","date_gmt":"2025-04-02T01:53:16","guid":{"rendered":"https:\/\/mussicom.com\/meis-tem-novas-regras-para-emitir-notas-a-partir-desta-terca-1o\/"},"modified":"2025-04-01T22:53:16","modified_gmt":"2025-04-02T01:53:16","slug":"meis-tem-novas-regras-para-emitir-notas-a-partir-desta-terca-1o","status":"publish","type":"post","link":"https:\/\/mussicom.com\/noticias\/meis-tem-novas-regras-para-emitir-notas-a-partir-desta-terca-1o\/","title":{"rendered":"MEIs t\u00eam novas regras para emitir notas a partir desta ter\u00e7a, 1\u00ba"},"content":{"rendered":"<p> <br \/>\n<\/p>\n<div id=\"hd80s9wa1h892edh8192\">\n<p>Entram em vigor nesta ter\u00e7a-feira, 1\u00ba, as novas normas para a emiss\u00e3o eletr\u00f4nica de notas fiscais por Microempreendedores Individuais (MEIs) que realizam opera\u00e7\u00f5es de compra e venda de produtos. Entre as mudan\u00e7as, destaca-se a exig\u00eancia de atualiza\u00e7\u00e3o de informa\u00e7\u00f5es e c\u00f3digos utilizados no sistema de emiss\u00e3o.<\/p>\n<p>As altera\u00e7\u00f5es afetam tanto a emiss\u00e3o da Nota Fiscal Eletr\u00f4nica (<strong>NF-e<\/strong>) quanto da Nota Fiscal de Consumidor Eletr\u00f4nica (NFC-e), al\u00e9m da necessidade de atualizar a tabela de C\u00f3digo Fiscal de Opera\u00e7\u00f5es e Presta\u00e7\u00f5es (CFOP), que classifica o tipo de transa\u00e7\u00e3o \u2014 como venda, devolu\u00e7\u00e3o ou remessa \u2014 e determina seus efeitos tribut\u00e1rios.<\/p>\n<p>+\u00a0<strong>Leia mais not\u00edcias de\u00a0Economia\u00a0na Oeste<\/strong><\/p>\n<p>Segundo o Servi\u00e7o Brasileiro de Apoio \u00e0s Micro e Pequenas Empresas (Sebrae), ser\u00e1 necess\u00e1rio incluir o C\u00f3digo de Regime Tribut\u00e1rio Simples Nacional \u2013 MEI (CRT 4), que deve ser utilizado junto ao CFOP correspondente \u00e0 opera\u00e7\u00e3o realizada.<\/p>\n<p>Com isso, o pr\u00f3prio MEI ser\u00e1 respons\u00e1vel por preencher corretamente o campo referente ao regime tribut\u00e1rio aplic\u00e1vel ao microempreendedor individual. A valida\u00e7\u00e3o desses dados poder\u00e1 ser feita pelas Secretarias da Fazenda dos Estados, conforme orienta\u00e7\u00e3o do Governo Federal.<\/p>\n<p><related-posts class=\"border-y border-gray-300 py-5\"><\/p>\n<h2 class=\"!text-2xl text-black font-primary font-semibold leading-none mb-3\">\n    Leia mais:<br \/>\n  <\/h2>\n<p><\/related-posts><\/p>\n<h2 class=\"wp-block-heading\">MEIs devem utilizar c\u00f3digos na emiss\u00e3o de notas<\/h2>\n<p>Para as opera\u00e7\u00f5es internas e interestaduais, s\u00e3o usados os c\u00f3digos 1.202, 1.904, 2.202, 2.904, 5.102, 5.202, 5.904, 6.102, 6.202 e 6.904. O Sebrae recomenda que, no caso de CFPOs com opera\u00e7\u00f5es diferentes das disponibilizadas pela Receita Federal, seja feita uma consulta junto \u00e0 Secret\u00e1ria da Fazenda estadual onde o empreendedor est\u00e1 inscrito.<\/p>\n<p>\u201cOutra mudan\u00e7a \u00e9 que o MEI, ao realizar venda interestadual a n\u00e3o contribuinte, n\u00e3o precisa se preocupar com o preenchimento de informa\u00e7\u00f5es referentes ao Diferencial de Al\u00edquotas, pois tal informa\u00e7\u00e3o \u00e9 irrelevante por ocasi\u00e3o da utiliza\u00e7\u00e3o do CRT 4\u201d, detalhou o Sebrae.<\/p>\n<figure class=\"wp-block-image aligncenter size-large is-resized\"><picture><source data-srcset=\"https:\/\/medias.revistaoeste.com\/wp-content\/uploads\/2022\/02\/5451111871-b9c87430bf-k-1024x697.jpg.webp 1024w, https:\/\/medias.revistaoeste.com\/wp-content\/uploads\/2022\/02\/5451111871-b9c87430bf-k-300x204.jpg.webp 300w, https:\/\/medias.revistaoeste.com\/wp-content\/uploads\/2022\/02\/5451111871-b9c87430bf-k-768x523.jpg.webp 768w, https:\/\/medias.revistaoeste.com\/wp-content\/uploads\/2022\/02\/5451111871-b9c87430bf-k-60x41.jpg.webp 60w, https:\/\/medias.revistaoeste.com\/wp-content\/uploads\/2022\/02\/5451111871-b9c87430bf-k-240x163.jpg.webp 240w, https:\/\/medias.revistaoeste.com\/wp-content\/uploads\/2022\/02\/5451111871-b9c87430bf-k-600x408.jpg.webp 600w, https:\/\/medias.revistaoeste.com\/wp-content\/uploads\/2022\/02\/5451111871-b9c87430bf-k.jpg.webp 1280w\" data-sizes=\"(max-width: 1024px) 100vw, 1024px\" type=\"image\/webp\"><img fetchpriority=\"high\" decoding=\"async\" width=\"1024\" height=\"697\" src=\"https:\/\/medias.revistaoeste.com\/wp-content\/uploads\/2022\/02\/5451111871-b9c87430bf-k-1024x697.jpg\" alt=\"Nota Fiscal\" class=\"wp-image-526425\" style=\"width:772px;height:auto\" srcset=\"https:\/\/medias.revistaoeste.com\/wp-content\/uploads\/2022\/02\/5451111871-b9c87430bf-k-1024x697.jpg 1024w, https:\/\/medias.revistaoeste.com\/wp-content\/uploads\/2022\/02\/5451111871-b9c87430bf-k-300x204.jpg 300w, https:\/\/medias.revistaoeste.com\/wp-content\/uploads\/2022\/02\/5451111871-b9c87430bf-k-768x523.jpg 768w, https:\/\/medias.revistaoeste.com\/wp-content\/uploads\/2022\/02\/5451111871-b9c87430bf-k-60x41.jpg 60w, https:\/\/medias.revistaoeste.com\/wp-content\/uploads\/2022\/02\/5451111871-b9c87430bf-k-240x163.jpg 240w, https:\/\/medias.revistaoeste.com\/wp-content\/uploads\/2022\/02\/5451111871-b9c87430bf-k-600x408.jpg 600w, https:\/\/medias.revistaoeste.com\/wp-content\/uploads\/2022\/02\/5451111871-b9c87430bf-k.jpg 1280w\" sizes=\"(max-width: 1024px) 100vw, 1024px\" data-eio=\"p\"\/><\/source><\/picture><figcaption class=\"wp-element-caption\">Modelo de cupom fiscal | Foto\/Reprodu\u00e7\u00e3o: Flickr <\/figcaption><\/figure>\n<p>As novas regras para o MEI em 2025 incluem tamb\u00e9m mudan\u00e7as no teto de faturamento, na contribui\u00e7\u00e3o mensal e na emiss\u00e3o de notas fiscais. O regime foi criado para formalizar e incentivar profissionais aut\u00f4nomos e pequenos empres\u00e1rios.<\/p>\n<p>Os servi\u00e7os podem ser acessados por meio do <strong>Portal do Empreendedor<\/strong> do Governo Federal. A plataforma foi criada para auxiliar o microempreendedor a acessar informa\u00e7\u00f5es \u00fateis, al\u00e9m de gerenciar e regularizar seu neg\u00f3cio.<\/p>\n<p><strong>Leia tamb\u00e9m:\u00a0\u201cO novo saque dos fundos de pens\u00e3o\u201d, artigo de Carlo Cauti publicado na Edi\u00e7\u00e3o 232 da Revista Oeste<\/strong><\/p>\n<\/p><\/div>\n<p><br \/>\n<br \/>Fonte: <a href=\"https:\/\/revistaoeste.com\/economia\/meis-tem-novas-regras-para-emitir-notas-fiscais-a-partir-desta-terca-1o\/\">Revista oeste<\/a><\/p>\n","protected":false},"excerpt":{"rendered":"<p>Entram em vigor nesta ter\u00e7a-feira, 1\u00ba, as novas normas para a emiss\u00e3o eletr\u00f4nica de notas fiscais por Microempreendedores Individuais (MEIs) que realizam opera\u00e7\u00f5es de compra e venda de produtos. Entre as mudan\u00e7as, destaca-se a exig\u00eancia de atualiza\u00e7\u00e3o de informa\u00e7\u00f5es e c\u00f3digos utilizados no sistema de emiss\u00e3o. As altera\u00e7\u00f5es afetam tanto a emiss\u00e3o da Nota Fiscal [&hellip;]<\/p>\n","protected":false},"author":5,"featured_media":9560,"comment_status":"open","ping_status":"open","sticky":false,"template":"","format":"standard","meta":{"_seopress_robots_primary_cat":"","_seopress_titles_title":"","_seopress_titles_desc":"","_seopress_robots_index":"","footnotes":""},"categories":[45],"tags":[],"class_list":["post-9559","post","type-post","status-publish","format-standard","has-post-thumbnail","hentry","category-economia"],"_links":{"self":[{"href":"https:\/\/mussicom.com\/noticias\/wp-json\/wp\/v2\/posts\/9559","targetHints":{"allow":["GET"]}}],"collection":[{"href":"https:\/\/mussicom.com\/noticias\/wp-json\/wp\/v2\/posts"}],"about":[{"href":"https:\/\/mussicom.com\/noticias\/wp-json\/wp\/v2\/types\/post"}],"author":[{"embeddable":true,"href":"https:\/\/mussicom.com\/noticias\/wp-json\/wp\/v2\/users\/5"}],"replies":[{"embeddable":true,"href":"https:\/\/mussicom.com\/noticias\/wp-json\/wp\/v2\/comments?post=9559"}],"version-history":[{"count":0,"href":"https:\/\/mussicom.com\/noticias\/wp-json\/wp\/v2\/posts\/9559\/revisions"}],"wp:featuredmedia":[{"embeddable":true,"href":"https:\/\/mussicom.com\/noticias\/wp-json\/wp\/v2\/media\/9560"}],"wp:attachment":[{"href":"https:\/\/mussicom.com\/noticias\/wp-json\/wp\/v2\/media?parent=9559"}],"wp:term":[{"taxonomy":"category","embeddable":true,"href":"https:\/\/mussicom.com\/noticias\/wp-json\/wp\/v2\/categories?post=9559"},{"taxonomy":"post_tag","embeddable":true,"href":"https:\/\/mussicom.com\/noticias\/wp-json\/wp\/v2\/tags?post=9559"}],"curies":[{"name":"wp","href":"https:\/\/api.w.org\/{rel}","templated":true}]}}