{"id":9547,"date":"2025-04-01T21:30:57","date_gmt":"2025-04-02T00:30:57","guid":{"rendered":"https:\/\/www.mussicom.com\/quando-a-terceira-temporada-de-solo-leveling-sera-lancada-confira-o-que-sabemos\/"},"modified":"2025-04-01T21:30:57","modified_gmt":"2025-04-02T00:30:57","slug":"quando-a-terceira-temporada-de-solo-leveling-sera-lancada-confira-o-que-sabemos","status":"publish","type":"post","link":"https:\/\/mussicom.com\/noticias\/quando-a-terceira-temporada-de-solo-leveling-sera-lancada-confira-o-que-sabemos\/","title":{"rendered":"Quando a terceira temporada de Solo Leveling ser\u00e1 lan\u00e7ada? Confira o que sabemos"},"content":{"rendered":"<p> <br \/>\n<\/p>\n<div>\n<p class=\"MsoNormal\" style=\"text-align:justify\">Exibido no dia 29 de mar\u00e7o pela Crunchyroll, o epis\u00f3dio 13 da segunda temporada de Solo Leveling encerrou um dos arcos mais marcantes do anime at\u00e9 agora. Nele, pudemos ver o resultado da luta contra o Rei Formiga, com Jinwoo demonstrando novamente os limites de seu poder ao transformar o grande advers\u00e1rio em um aliado.<\/p>\n<p class=\"MsoNormal\" style=\"text-align:justify\">Al\u00e9m disso, o personagem acabou tomando uma decis\u00e3o eticamente question\u00e1vel, ao reviver um curandeiro com a miss\u00e3o de curar uma aliada. No entanto, ele pode n\u00e3o ter tempo para se questionar sobre isso, dado que dois novos advers\u00e1rios de n\u00edvel bastante alto est\u00e3o muito interessados no que ele anda fazendo.<\/p>\n<p><span><iframe title=\"Do mais fraco para uma lenda vida\ud83d\udd25 | Solo Leveling\" width=\"800\" height=\"450\" src=\"https:\/\/www.youtube.com\/embed\/Kvr0mTQ9qkQ?feature=oembed\" frameborder=\"0\" allow=\"accelerometer; autoplay; clipboard-write; encrypted-media; gyroscope; picture-in-picture; web-share\" referrerpolicy=\"strict-origin-when-cross-origin\" allowfullscreen><\/iframe><\/span><\/p>\n<p class=\"MsoNormal\" style=\"text-align:justify\">Para os f\u00e3s, o final da segunda temporada de Solo Leveling \u00e9 somente o come\u00e7o de uma nova jornada: a da antecipa\u00e7\u00e3o para a estreia de novos epis\u00f3dios. Mas ser\u00e1 que isso j\u00e1 faz parte dos planos da A-1 Pictures? E, em caso positivo, quando o p\u00fablico poder\u00e1 conferir a terceira temporada da anima\u00e7\u00e3o?<\/p>\n<h2 class=\"MsoNormal\" style=\"text-align:justify\">O que sabemos da terceira temporada de Solo Leveling<\/h2>\n<p class=\"MsoNormal\" style=\"text-align:justify\">At\u00e9 o momento, a Temporada 3 do anime n\u00e3o foi anunciada oficialmente, mas ela j\u00e1 pode ser dada como algo certo de acontecer. Com a produ\u00e7\u00e3o quebrando recordes de audi\u00eancia e avalia\u00e7\u00f5es positivas na Cruncryroll, \u00e9 muito improv\u00e1vel que o est\u00fadio pertencente \u00e0 Sony desista dela no momento atual.<\/p>\n<p><\/p>\n<p class=\"MsoNormal\" style=\"text-align:justify\">Nesse sentido, ajuda muito o fato de que os manhwas originais ainda oferecem muito material para a adapta\u00e7\u00e3o explorar no futuro. At\u00e9 o momento, o anime mostrou os eventos pertencentes at\u00e9 o volume 13 da obra original, o que significa que ele s\u00f3 chegou mais ou menos at\u00e9 a metade de sua hist\u00f3ria.<\/p>\n<p class=\"MsoNormal\" style=\"text-align:justify\">Dada a popularidade de Solo Leveling, n\u00e3o seria nenhuma surpresa se a sua vers\u00e3o animada ganhasse novos arcos ou estendesse alguns eventos da obra. Da mesma forma, \u00e9 f\u00e1cil ver seus personagens participando de aventuras in\u00e9ditas, que podem ser aproveitadas tanto no anime quanto em OVAs e filmes.<\/p>\n<p class=\"MsoNormal\" style=\"text-align:justify\">Uma prov\u00e1vel Temporada 3 da s\u00e9rie deve come\u00e7ar a explorar de forma mais profunda as origens do poder de Jinwoo e os motivos pelos quais ele consegue subir de n\u00edvel. Al\u00e9m disso, ela deve transformar em um dos elementos centrais do roteiro a luta entre os Monarcas e os Governantes, que foi mostrada de forma superficial pelos arcos mais recentes.<\/p>\n<h2 class=\"MsoNormal\" style=\"text-align:justify\">Quando uma Temporada 3 pode estrear?<\/h2>\n<p class=\"MsoNormal\" style=\"text-align:justify\">Como os novos epis\u00f3dios ainda n\u00e3o foram confirmados, ainda n\u00e3o h\u00e1 como cravar uma data exata para eles serem lan\u00e7ados. No entanto, dado que a s\u00e9rie tem respeitado um calend\u00e1rio de lan\u00e7amentos anuais, a melhor aposta no momento parece ser a <strong>do m\u00eas de mar\u00e7o de 2026 <\/strong>\u2014 mesmo per\u00edodo no qual os arcos j\u00e1 dispon\u00edveis chegaram.<\/p>\n<p><img decoding=\"async\" src=\"https:\/\/tm.ibxk.com.br\/2025\/04\/01\/01131510986174.jpg\" alt=\"Terceira-Temporada-Solo-Leveling-Data-Previs\u00e3o-02.jpg\" srcset=\"https:\/\/tm.ibxk.com.br\/2025\/04\/01\/01131511001175.jpg 245w,https:\/\/tm.ibxk.com.br\/2025\/04\/01\/01131511080177.jpg 500w,https:\/\/tm.ibxk.com.br\/2025\/04\/01\/01131511080178.jpg 750w,https:\/\/tm.ibxk.com.br\/2025\/04\/01\/01131511064176.jpg 1000w,\" sizes=\"100vw\"\/><\/p>\n<p class=\"MsoNormal\" style=\"text-align:justify\">A principal casa da Temporada 3 de Solo Leveling deve voltar a ser a Crunchyroll, que transmite os cap\u00edtulos com legendas em portugu\u00eas brasileiro de forma simult\u00e2nea ao Jap\u00e3o. O streaming tamb\u00e9m disponibiliza os epis\u00f3dios da anima\u00e7\u00e3o de forma dublada, mas eles demoram algumas semanas para chegar em rela\u00e7\u00e3o \u00e0s suas estreias no idioma japon\u00eas.<\/p>\n<p class=\"MsoNormal\" style=\"text-align:justify\">Com uma hist\u00f3ria focada na supera\u00e7\u00e3o de limites, o anime deve continuar surpreendendo ao mostrar que a chegada de Jinwoo ao n\u00edvel 100 \u00e9 somente o in\u00edcio de sua aventura. Agora que ele se estabeleceu como o principal Ca\u00e7ador da Coreia do Sul, finalmente vai chegar a hora de o personagem formar sua pr\u00f3pria Guilda e se aventurar por outras partes do mundo.<\/p>\n<p class=\"MsoNormal\" style=\"text-align:justify\"><span style=\"box-sizing:border-box\" data-teams=\"true\">Comente nas redes sociais do Minha S\u00e9rie! Estamos no <\/span><span style=\"box-sizing:border-box\" data-teams=\"true\">Threads<\/span><span style=\"box-sizing:border-box\" data-teams=\"true\">, <\/span><span style=\"box-sizing:border-box\" data-teams=\"true\">Instagram<\/span><span style=\"box-sizing:border-box\" data-teams=\"true\">, <\/span><span style=\"box-sizing:border-box\" data-teams=\"true\">TikTok<\/span><span style=\"box-sizing:border-box\" data-teams=\"true\"> e at\u00e9 mesmo no <\/span><span style=\"box-sizing:border-box\" data-teams=\"true\">WhatsApp.<\/span><span style=\"box-sizing:border-box\" data-teams=\"true\"> Venha acompanhar filmes e s\u00e9ries com a gente!<\/span><\/p>\n<\/div>\n<p><script async src=\"\/\/www.instagram.com\/embed.js\"><\/script><script async src=\"\/\/www.tiktok.com\/embed.js\"><\/script><br \/>\n<br \/><br \/>\n<br \/>Fonte: <a href=\"https:\/\/www.tecmundo.com.br\/minha-serie\/601011-quando-a-terceira-temporada-de-solo-leveling-sera-lancada-confira-o-que-sabemos.htm\">TecMundo<\/a><\/p>\n","protected":false},"excerpt":{"rendered":"<p>Exibido no dia 29 de mar\u00e7o pela Crunchyroll, o epis\u00f3dio 13 da segunda temporada de Solo Leveling encerrou um dos arcos mais marcantes do anime at\u00e9 agora. Nele, pudemos ver o resultado da luta contra o Rei Formiga, com Jinwoo demonstrando novamente os limites de seu poder ao transformar o grande advers\u00e1rio em um aliado. [&hellip;]<\/p>\n","protected":false},"author":5,"featured_media":9548,"comment_status":"open","ping_status":"open","sticky":false,"template":"","format":"standard","meta":{"_seopress_robots_primary_cat":"","_seopress_titles_title":"","_seopress_titles_desc":"","_seopress_robots_index":"","footnotes":""},"categories":[50],"tags":[],"class_list":["post-9547","post","type-post","status-publish","format-standard","has-post-thumbnail","hentry","category-tecnologia"],"_links":{"self":[{"href":"https:\/\/mussicom.com\/noticias\/wp-json\/wp\/v2\/posts\/9547","targetHints":{"allow":["GET"]}}],"collection":[{"href":"https:\/\/mussicom.com\/noticias\/wp-json\/wp\/v2\/posts"}],"about":[{"href":"https:\/\/mussicom.com\/noticias\/wp-json\/wp\/v2\/types\/post"}],"author":[{"embeddable":true,"href":"https:\/\/mussicom.com\/noticias\/wp-json\/wp\/v2\/users\/5"}],"replies":[{"embeddable":true,"href":"https:\/\/mussicom.com\/noticias\/wp-json\/wp\/v2\/comments?post=9547"}],"version-history":[{"count":0,"href":"https:\/\/mussicom.com\/noticias\/wp-json\/wp\/v2\/posts\/9547\/revisions"}],"wp:featuredmedia":[{"embeddable":true,"href":"https:\/\/mussicom.com\/noticias\/wp-json\/wp\/v2\/media\/9548"}],"wp:attachment":[{"href":"https:\/\/mussicom.com\/noticias\/wp-json\/wp\/v2\/media?parent=9547"}],"wp:term":[{"taxonomy":"category","embeddable":true,"href":"https:\/\/mussicom.com\/noticias\/wp-json\/wp\/v2\/categories?post=9547"},{"taxonomy":"post_tag","embeddable":true,"href":"https:\/\/mussicom.com\/noticias\/wp-json\/wp\/v2\/tags?post=9547"}],"curies":[{"name":"wp","href":"https:\/\/api.w.org\/{rel}","templated":true}]}}