{"id":9538,"date":"2025-04-01T20:39:16","date_gmt":"2025-04-01T23:39:16","guid":{"rendered":"https:\/\/mussicom.com\/sob-pressao-da-oposicao-pela-anistia-camara-vota-uma-mp\/"},"modified":"2025-04-01T20:39:16","modified_gmt":"2025-04-01T23:39:16","slug":"sob-pressao-da-oposicao-pela-anistia-camara-vota-uma-mp","status":"publish","type":"post","link":"https:\/\/mussicom.com\/noticias\/sob-pressao-da-oposicao-pela-anistia-camara-vota-uma-mp\/","title":{"rendered":"Sob press\u00e3o da oposi\u00e7\u00e3o pela anistia, C\u00e2mara vota uma MP"},"content":{"rendered":"<p> <br \/>\n<\/p>\n<div id=\"hd80s9wa1h892edh8192\">\n<p>Em mais uma investida da oposi\u00e7\u00e3o, as atividades do plen\u00e1rio da C\u00e2mara dos Deputados foram encerradas com a vota\u00e7\u00e3o de apenas uma Medida Provis\u00f3ria (MP). Na pauta desta ter\u00e7a-feira, 1\u00b0 de abril, estavam pautados nove projetos de lei e um requerimento de urg\u00eancia.\u00a0<\/p>\n<p>O presidente Hugo Motta (Republicanos-PB) chegou \u00e0 C\u00e2mara nesta tarde e, questionado por <strong>Oeste<\/strong> sobre a tramita\u00e7\u00e3o da anistia, n\u00e3o respondeu. O parlamentar conduziu parte da sess\u00e3o, assim como a vota\u00e7\u00e3o da MP 1268\/24, enviada pelo Executivo, que libera cr\u00e9dito de R$ 938,4 milh\u00f5es para sete minist\u00e9rios.\u00a0<\/p>\n<figure class=\"wp-block-embed is-type-rich is-provider-twitter wp-block-embed-twitter\">\n<div class=\"wp-block-embed__wrapper\">\n<blockquote class=\"twitter-tweet\" data-width=\"500\" data-dnt=\"true\">\n<p lang=\"pt\" dir=\"ltr\">V\u00eddeo \ud83c\udfa5 de <a href=\"https:\/\/twitter.com\/sarahperesjorn?ref_src=twsrc%5Etfw\">@sarahperesjorn<\/a> | Em meio \u00e0 press\u00e3o da oposi\u00e7\u00e3o para pautar o PL da Anistia, o presidente da C\u00e2mara dos Deputados, Hugo Motta (Republicanos-PB), se cala diante das perguntas sobre a proposta. <a href=\"https:\/\/t.co\/NjA6nbTsTj\">pic.twitter.com\/NjA6nbTsTj<\/a><\/p>\n<p>\u2014 Revista Oeste (@revistaoeste) <a href=\"https:\/\/twitter.com\/revistaoeste\/status\/1907164114817835348?ref_src=twsrc%5Etfw\">April 1, 2025<\/a><\/p><\/blockquote>\n<\/div>\n<\/figure>\n<p>Durante a sess\u00e3o no plen\u00e1rio, Motta reconheceu o movimento de obstru\u00e7\u00e3o realizado pelo Partido Liberal (PL) ao falar com o l\u00edder do partido na C\u00e2mara, deputado S\u00f3stenes Cavalcante (RJ).<\/p>\n<p>\u201cInclusive, fui indagado agora aqui pela imprensa sobre o PL [da Anistia] e o movimento de obstru\u00e7\u00e3o, e n\u00f3s vamos aqui respeitar o direito de todos de maneira muito tranquila\u201d, afirmou. \u201cN\u00f3s vamos dar total visibilidade e amplitude ao posicionamento do PL.\u201d<\/p>\n<p><strong>+ Anistia: Bolsonaro se re\u00fane com oposi\u00e7\u00e3o da C\u00e2mara<\/strong><\/p>\n<p>Integrantes do PL realizaram discursos em tribuna ao longo desta ter\u00e7a-feira a favor da vota\u00e7\u00e3o do requerimento de urg\u00eancia do projeto que beneficia os presos pelas manifesta\u00e7\u00f5es de 8 de janeiro de 2023.<\/p>\n<h2 class=\"wp-block-heading\">PL pressiona pela anistia na C\u00e2mara<\/h2>\n<p>A l\u00edder da minoria, deputada Carol De Toni (PL-SC), relatou o recebimento de \u201ccentenas de cartas emocionantes\u201d com relatos \u201crelatos fidedignos e tristes de presos injusti\u00e7ados\u201d pelo ato na Pra\u00e7a dos Tr\u00eas Poderes, Bras\u00edlia.<\/p>\n<p>\u201cS\u00e3o relatos como o do senhor Givair, pai de fam\u00edlia, trabalhador, tratado pelo sistema pior do que criminosos que cometeram crimes hediondos\u201d, disse. \u201cSomos a voz dos silenciados, daqueles que foram injusti\u00e7ados e punidos por dois anos sem direito a defesa. Enquanto a anistia n\u00e3o receber a devida aten\u00e7\u00e3o que merece, n\u00e3o nos calaremos.\u201d<\/p>\n<p><strong>+ Leia mais not\u00edcias de Pol\u00edtica em Oeste<\/strong><\/p>\n<\/p><\/div>\n<p><script async src=\"\/\/platform.twitter.com\/widgets.js\" charset=\"utf-8\"><\/script><br \/>\n<br \/><br \/>\n<br \/>Fonte: <a href=\"https:\/\/revistaoeste.com\/politica\/sob-pressao-da-oposicao-pela-anistia-camara-vota-apenas-uma-medida-provisoria\/\">Ag\u00eancia Brasil<\/a><\/p>\n","protected":false},"excerpt":{"rendered":"<p>Em mais uma investida da oposi\u00e7\u00e3o, as atividades do plen\u00e1rio da C\u00e2mara dos Deputados foram encerradas com a vota\u00e7\u00e3o de apenas uma Medida Provis\u00f3ria (MP). Na pauta desta ter\u00e7a-feira, 1\u00b0 de abril, estavam pautados nove projetos de lei e um requerimento de urg\u00eancia.\u00a0 O presidente Hugo Motta (Republicanos-PB) chegou \u00e0 C\u00e2mara nesta tarde e, questionado [&hellip;]<\/p>\n","protected":false},"author":5,"featured_media":9539,"comment_status":"open","ping_status":"open","sticky":false,"template":"","format":"standard","meta":{"_seopress_robots_primary_cat":"","_seopress_titles_title":"","_seopress_titles_desc":"","_seopress_robots_index":"","footnotes":""},"categories":[47,1],"tags":[],"class_list":["post-9538","post","type-post","status-publish","format-standard","has-post-thumbnail","hentry","category-politica","category-ultimas-noticias"],"_links":{"self":[{"href":"https:\/\/mussicom.com\/noticias\/wp-json\/wp\/v2\/posts\/9538","targetHints":{"allow":["GET"]}}],"collection":[{"href":"https:\/\/mussicom.com\/noticias\/wp-json\/wp\/v2\/posts"}],"about":[{"href":"https:\/\/mussicom.com\/noticias\/wp-json\/wp\/v2\/types\/post"}],"author":[{"embeddable":true,"href":"https:\/\/mussicom.com\/noticias\/wp-json\/wp\/v2\/users\/5"}],"replies":[{"embeddable":true,"href":"https:\/\/mussicom.com\/noticias\/wp-json\/wp\/v2\/comments?post=9538"}],"version-history":[{"count":0,"href":"https:\/\/mussicom.com\/noticias\/wp-json\/wp\/v2\/posts\/9538\/revisions"}],"wp:featuredmedia":[{"embeddable":true,"href":"https:\/\/mussicom.com\/noticias\/wp-json\/wp\/v2\/media\/9539"}],"wp:attachment":[{"href":"https:\/\/mussicom.com\/noticias\/wp-json\/wp\/v2\/media?parent=9538"}],"wp:term":[{"taxonomy":"category","embeddable":true,"href":"https:\/\/mussicom.com\/noticias\/wp-json\/wp\/v2\/categories?post=9538"},{"taxonomy":"post_tag","embeddable":true,"href":"https:\/\/mussicom.com\/noticias\/wp-json\/wp\/v2\/tags?post=9538"}],"curies":[{"name":"wp","href":"https:\/\/api.w.org\/{rel}","templated":true}]}}