{"id":9536,"date":"2025-04-01T20:32:00","date_gmt":"2025-04-01T23:32:00","guid":{"rendered":"https:\/\/www.mussicom.com\/hamas-executa-jovem-lider-de-protesto\/"},"modified":"2025-04-01T20:32:00","modified_gmt":"2025-04-01T23:32:00","slug":"hamas-executa-jovem-lider-de-protesto","status":"publish","type":"post","link":"https:\/\/mussicom.com\/noticias\/hamas-executa-jovem-lider-de-protesto\/","title":{"rendered":"Hamas executa jovem l\u00edder de protesto"},"content":{"rendered":"<p> <br \/>\n<\/p>\n<div id=\"hd80s9wa1h892edh8192\">\n<p>O manifestante Uday Nasser Saadi al-Rubai, de 22 anos, ousou desafiar o regime do Hamas em Gaza. Protestou contra o grupo terrorista. A resposta foi brutal: sequestro, tortura implac\u00e1vel durante quatro horas e execu\u00e7\u00e3o sum\u00e1ria. Seu corpo foi deixado como um aviso macabro \u00e0 porta de sua fam\u00edlia. A isso, se seguiu o sil\u00eancio dos manifestantes pr\u00f3-Hamas nos Estados Unidos (EUA).<\/p>\n<p><strong>+ Leia mais not\u00edcias de Mundo em Oeste<\/strong><\/p>\n<p>Nada de manifesta\u00e7\u00f5es com bandeiras, como fizeram contra a pol\u00edtica de autodefesa de Israel, em agosto de 2024, durante os conflitos em Gaza. Eles frequentemente se manifestam em nome da liberdade, menos em rela\u00e7\u00e3o \u00e0queles que ousam discordar das pr\u00e1ticas atrozes do Hamas em Gaza.<\/p>\n<blockquote class=\"instagram-media\" data-instgrm-captioned=\"\" data-instgrm-permalink=\"https:\/\/www.instagram.com\/reel\/DH39rlTxVwL\/?utm_source=ig_embed&amp;utm_campaign=loading\" data-instgrm-version=\"14\" style=\" background:#FFF; border:0; border-radius:3px; box-shadow:0 0 1px 0 rgba(0,0,0,0.5),0 1px 10px 0 rgba(0,0,0,0.15); margin: 1px; max-width:540px; min-width:326px; padding:0; width:99.375%; width:-webkit-calc(100% - 2px); width:calc(100% - 2px);\"\/>\n<p>Mazen Shat, um alto oficial da pol\u00edcia do Fatah, grupo rival do <strong>Hamas<\/strong>, denunciou o assassinato. Uday, no \u00faltimo s\u00e1bado 29, foi sequestrado e morto por quase 30 membros das Brigadas Al-Qassam, o bra\u00e7o armado do Hamas. <\/p>\n<p>O corpo dele foi levado at\u00e9 a frente da casa de sua fam\u00edlia neste s\u00e1bado, 29.<\/p>\n<p>\u201cUday foi martirizado pelos criminosos do Hamas\u201d, disse Shat ao jornal <em>The Telegraph<\/em>. \u201cE qual \u00e9 o crime dele? Ele disse a verdade, porque se recusou a ficar em sil\u00eancio sobre a injusti\u00e7a, porque n\u00e3o se ajoelhou diante do Hamas.\u201d<\/p>\n<p>Na sequ\u00eancia, o oficial revela algo que tem vindo cada vez mais \u00e0 tona, com a perda de popularidade, segundo o Centro Palestino de Estudos e Pesquisa Pol\u00edtica, do grupo em Gaza.<\/p>\n<p>\u201cO Hamas est\u00e1 oprimindo as pessoas de forma brutal\u201d, garante o oficial palestino.\u201d <\/p>\n<p>Para Karina Calandrin,\u00a0especialista em Rela\u00e7\u00f5es Internacionais e colaboradora do Instituto Brasil-Israel h\u00e1 ind\u00edcios de que parte da popula\u00e7\u00e3o de Gaza est\u00e1 mais inclinada a apoiar propostas de reconstru\u00e7\u00e3o e desenvolvimento econ\u00f4mico.<\/p>\n<p>\u201cEspecialmente se estas propostas vierem acompanhadas de autonomia e seguran\u00e7a\u201d, afirma ela a <strong>Oeste<\/strong>. \u201cA ideia de transformar Gaza em uma \u00e1rea pr\u00f3spera, com apoio internacional e integra\u00e7\u00e3o regional, desperta interesse e esperan\u00e7a, sobretudo entre os mais jovens e as fam\u00edlias que perderam tudo. Essa vis\u00e3o contrasta fortemente com o ciclo cont\u00ednuo de conflito promovido pelo Hamas.\u201d<\/p>\n<p>O Fatah \u00e9 um grupo palestino que controlava Gaza at\u00e9 perd\u00ea-la para o Hamas durante uma guerra em 2007. Controla a Cisjord\u00e2nia, com Mahmoud Abbas ainda se mantendo presidente.<\/p>\n<p>O protesto do qual Uday participou foi o maior desde que o Hamas assumiu o poder, de acordo com Sam Habeeb, um antigo morador de Gaza que agora vive em Londres. <\/p>\n<p>\u201cAs pessoas est\u00e3o sob bombardeio israelense desde outubro de 2023 \u2014 elas n\u00e3o querem que a guerra continue de jeito nenhum\u201d, ele disse. \u201cO Hamas deve aceitar o fato de que a maioria das pessoas de Gaza quer o fim desta guerra, e certamente elas t\u00eam o direito de expressar suas opini\u00f5es livremente.\u201d<\/p>\n<p>Ele prossegue seu desabafo, indignado.<\/p>\n<p>\u201cA repress\u00e3o violenta a manifestantes \u00e9 criminosa e inaceit\u00e1vel\u201d, observa Habeeb. \u201cEste \u00e9 um crime hediondo que \u00e9 completamente condenado. \u00c9 inaceit\u00e1vel restringir a liberdade de protesto e matar e torturar o manifestante Uday al-Rabai. Nem todas as pessoas em Gaza fazem parte do Hamas, e elas t\u00eam o direito de expressar suas opini\u00f5es livremente.\u201d<\/p>\n<h2 class=\"wp-block-heading\">Hamas assassinou outras v\u00edtimas<\/h2>\n<p>Acredita-se que pelo menos outros cinco manifestantes tamb\u00e9m foram mortos pelo Hamas.<\/p>\n<p>\u201cDias depois de milhares de habitantes de Gaza irados terem sa\u00eddo \u00e0s ruas numa rara demonstra\u00e7\u00e3o de dissid\u00eancia contra o Hamas, o grupo respondeu com uma repress\u00e3o brutal, executando pelo menos seis manifestantes\u201d, segundo o <em>India Today<\/em>.<\/p>\n<p>\u201cMuitos outros foram a\u00e7oitados publicamente, v\u00e1rios sequestrados e v\u00e1rios moradores de Gaza continuam desaparecidos, de acordo com relatos na grande m\u00eddia e nas redes sociais.\u201d<\/p>\n<p>O Hamas justifica a brutalidade ao chamar as v\u00edtimas de \u201ccolaboradores\u201d. A acusa\u00e7\u00e3o serve como senten\u00e7a de morte. Hamza Howidy, que sobreviveu \u00e0 tortura nas pris\u00f5es do Hamas, relata o terror psicol\u00f3gico infligido aos prisioneiros: \u201cEles querem que voc\u00ea se sinta um nada.\u201d <\/p>\n<p>Enquanto isso, nos <em>campi <\/em>universit\u00e1rios dos EUA, o foco est\u00e1 na defesa de \u201ccompatriotas\u201d amea\u00e7ados de deporta\u00e7\u00e3o, n\u00e3o nas atrocidades do grupo Gaza, conforme relata o artigo. <\/p>\n<p><strong>Leia mais: \u201cIsrael: ministro das Finan\u00e7as renuncia ao cargo\u201d<\/strong><\/p>\n<p>Tal situa\u00e7\u00e3o levou, no fim de mar\u00e7o, nove cidad\u00e3os norte-americanos e israelenses a processaram organizadores e apoiadores de manifesta\u00e7\u00f5es pr\u00f3-Palestina na <strong>Universidade de Columbia<\/strong>, segundo a Reuters. Entre os que processam est\u00e3o v\u00edtimas do ataque do Hamas de 7 de outubro de 2023 e afiliados da universidade.<\/p>\n<p>A a\u00e7\u00e3o, movida em um tribunal federal de Manhattan, acusa os manifestantes de atuarem como \u201cbra\u00e7o de propaganda\u201d e \u201cempresa interna de rela\u00e7\u00f5es p\u00fablicas\u201d do Hamas em Nova York e no <em>campus<\/em>.<\/p>\n<\/p><\/div>\n<p><script async src=\"\/\/www.instagram.com\/embed.js\"><\/script><br \/>\n<br \/><br \/>\n<br \/>Fonte: <a href=\"https:\/\/revistaoeste.com\/mundo\/hamas-executa-jovem-lider-de-protesto-e-estudantes-nos-eua-silenciam\/\">Revista Oeste<\/a><\/p>\n","protected":false},"excerpt":{"rendered":"<p>O manifestante Uday Nasser Saadi al-Rubai, de 22 anos, ousou desafiar o regime do Hamas em Gaza. Protestou contra o grupo terrorista. A resposta foi brutal: sequestro, tortura implac\u00e1vel durante quatro horas e execu\u00e7\u00e3o sum\u00e1ria. Seu corpo foi deixado como um aviso macabro \u00e0 porta de sua fam\u00edlia. A isso, se seguiu o sil\u00eancio dos [&hellip;]<\/p>\n","protected":false},"author":5,"featured_media":9537,"comment_status":"open","ping_status":"open","sticky":false,"template":"","format":"standard","meta":{"_seopress_robots_primary_cat":"","_seopress_titles_title":"","_seopress_titles_desc":"","_seopress_robots_index":"","footnotes":""},"categories":[48],"tags":[],"class_list":["post-9536","post","type-post","status-publish","format-standard","has-post-thumbnail","hentry","category-internacional"],"_links":{"self":[{"href":"https:\/\/mussicom.com\/noticias\/wp-json\/wp\/v2\/posts\/9536","targetHints":{"allow":["GET"]}}],"collection":[{"href":"https:\/\/mussicom.com\/noticias\/wp-json\/wp\/v2\/posts"}],"about":[{"href":"https:\/\/mussicom.com\/noticias\/wp-json\/wp\/v2\/types\/post"}],"author":[{"embeddable":true,"href":"https:\/\/mussicom.com\/noticias\/wp-json\/wp\/v2\/users\/5"}],"replies":[{"embeddable":true,"href":"https:\/\/mussicom.com\/noticias\/wp-json\/wp\/v2\/comments?post=9536"}],"version-history":[{"count":0,"href":"https:\/\/mussicom.com\/noticias\/wp-json\/wp\/v2\/posts\/9536\/revisions"}],"wp:featuredmedia":[{"embeddable":true,"href":"https:\/\/mussicom.com\/noticias\/wp-json\/wp\/v2\/media\/9537"}],"wp:attachment":[{"href":"https:\/\/mussicom.com\/noticias\/wp-json\/wp\/v2\/media?parent=9536"}],"wp:term":[{"taxonomy":"category","embeddable":true,"href":"https:\/\/mussicom.com\/noticias\/wp-json\/wp\/v2\/categories?post=9536"},{"taxonomy":"post_tag","embeddable":true,"href":"https:\/\/mussicom.com\/noticias\/wp-json\/wp\/v2\/tags?post=9536"}],"curies":[{"name":"wp","href":"https:\/\/api.w.org\/{rel}","templated":true}]}}