{"id":9372,"date":"2025-04-01T06:56:39","date_gmt":"2025-04-01T09:56:39","guid":{"rendered":"https:\/\/www.mussicom.com\/relatorio-dos-eua-critica-barreiras-comerciais-do-brasil-as-vesperas-de-trump-revelar-tarifas\/"},"modified":"2025-04-01T06:56:39","modified_gmt":"2025-04-01T09:56:39","slug":"relatorio-dos-eua-critica-barreiras-comerciais-do-brasil-as-vesperas-de-trump-revelar-tarifas","status":"publish","type":"post","link":"https:\/\/mussicom.com\/noticias\/relatorio-dos-eua-critica-barreiras-comerciais-do-brasil-as-vesperas-de-trump-revelar-tarifas\/","title":{"rendered":"Relat\u00f3rio dos EUA critica barreiras comerciais do Brasil \u00e0s v\u00e9speras de Trump revelar tarifas"},"content":{"rendered":"<p> <br \/>\n<\/p>\n<div><\/p>\n<div>Relat\u00f3rio do governo Trump traz an\u00e1lises sobre barreiras comerciais de mais de 40 pa\u00edses, entre eles o Brasil. Leia na Gazeta do Povo<\/div>\n<\/div>\n<p><br \/>\n<br \/>Fonte: <a href=\"https:\/\/www.gazetadopovo.com.br\/mundo\/relatorio-dos-eua-critica-barreiras-comerciais-do-brasil\/\">Revista Oeste<\/a><\/p>\n","protected":false},"excerpt":{"rendered":"<p>Relat\u00f3rio do governo Trump traz an\u00e1lises sobre barreiras comerciais de mais de 40 pa\u00edses, entre eles o Brasil. Leia na Gazeta do Povo Fonte: Revista Oeste<\/p>\n","protected":false},"author":5,"featured_media":9373,"comment_status":"open","ping_status":"open","sticky":false,"template":"","format":"standard","meta":{"_seopress_robots_primary_cat":"","_seopress_titles_title":"","_seopress_titles_desc":"","_seopress_robots_index":"","footnotes":""},"categories":[1],"tags":[],"class_list":["post-9372","post","type-post","status-publish","format-standard","has-post-thumbnail","hentry","category-ultimas-noticias"],"_links":{"self":[{"href":"https:\/\/mussicom.com\/noticias\/wp-json\/wp\/v2\/posts\/9372","targetHints":{"allow":["GET"]}}],"collection":[{"href":"https:\/\/mussicom.com\/noticias\/wp-json\/wp\/v2\/posts"}],"about":[{"href":"https:\/\/mussicom.com\/noticias\/wp-json\/wp\/v2\/types\/post"}],"author":[{"embeddable":true,"href":"https:\/\/mussicom.com\/noticias\/wp-json\/wp\/v2\/users\/5"}],"replies":[{"embeddable":true,"href":"https:\/\/mussicom.com\/noticias\/wp-json\/wp\/v2\/comments?post=9372"}],"version-history":[{"count":0,"href":"https:\/\/mussicom.com\/noticias\/wp-json\/wp\/v2\/posts\/9372\/revisions"}],"wp:featuredmedia":[{"embeddable":true,"href":"https:\/\/mussicom.com\/noticias\/wp-json\/wp\/v2\/media\/9373"}],"wp:attachment":[{"href":"https:\/\/mussicom.com\/noticias\/wp-json\/wp\/v2\/media?parent=9372"}],"wp:term":[{"taxonomy":"category","embeddable":true,"href":"https:\/\/mussicom.com\/noticias\/wp-json\/wp\/v2\/categories?post=9372"},{"taxonomy":"post_tag","embeddable":true,"href":"https:\/\/mussicom.com\/noticias\/wp-json\/wp\/v2\/tags?post=9372"}],"curies":[{"name":"wp","href":"https:\/\/api.w.org\/{rel}","templated":true}]}}