{"id":9366,"date":"2025-04-01T05:55:57","date_gmt":"2025-04-01T08:55:57","guid":{"rendered":"https:\/\/www.mussicom.com\/moraes-autoriza-mauro-cid-a-viajar-por-sete-dias-para-sao-paulo\/"},"modified":"2025-04-01T05:55:57","modified_gmt":"2025-04-01T08:55:57","slug":"moraes-autoriza-mauro-cid-a-viajar-por-sete-dias-para-sao-paulo","status":"publish","type":"post","link":"https:\/\/mussicom.com\/noticias\/moraes-autoriza-mauro-cid-a-viajar-por-sete-dias-para-sao-paulo\/","title":{"rendered":"Moraes autoriza Mauro Cid a viajar por sete dias para S\u00e3o Paulo"},"content":{"rendered":"<p> <br \/>\n<\/p>\n<div><\/p>\n<div>Na decis\u00e3o, Moraes ressaltou que a determina\u00e7\u00e3o tem car\u00e1ter provis\u00f3rio e que Cid continuar\u00e1 seguindo as medidas cautelares.<\/div>\n<\/div>\n<p><br \/>\n<br \/>Fonte: <a href=\"https:\/\/www.gazetadopovo.com.br\/republica\/moraes-autoriza-mauro-cid-a-viajar-por-sete-dias-para-sao-paulo\/\">Revista Oeste<\/a><\/p>\n","protected":false},"excerpt":{"rendered":"<p>Na decis\u00e3o, Moraes ressaltou que a determina\u00e7\u00e3o tem car\u00e1ter provis\u00f3rio e que Cid continuar\u00e1 seguindo as medidas cautelares. Fonte: Revista Oeste<\/p>\n","protected":false},"author":5,"featured_media":9367,"comment_status":"open","ping_status":"open","sticky":false,"template":"","format":"standard","meta":{"_seopress_robots_primary_cat":"","_seopress_titles_title":"","_seopress_titles_desc":"","_seopress_robots_index":"","footnotes":""},"categories":[1],"tags":[],"class_list":["post-9366","post","type-post","status-publish","format-standard","has-post-thumbnail","hentry","category-ultimas-noticias"],"_links":{"self":[{"href":"https:\/\/mussicom.com\/noticias\/wp-json\/wp\/v2\/posts\/9366","targetHints":{"allow":["GET"]}}],"collection":[{"href":"https:\/\/mussicom.com\/noticias\/wp-json\/wp\/v2\/posts"}],"about":[{"href":"https:\/\/mussicom.com\/noticias\/wp-json\/wp\/v2\/types\/post"}],"author":[{"embeddable":true,"href":"https:\/\/mussicom.com\/noticias\/wp-json\/wp\/v2\/users\/5"}],"replies":[{"embeddable":true,"href":"https:\/\/mussicom.com\/noticias\/wp-json\/wp\/v2\/comments?post=9366"}],"version-history":[{"count":0,"href":"https:\/\/mussicom.com\/noticias\/wp-json\/wp\/v2\/posts\/9366\/revisions"}],"wp:featuredmedia":[{"embeddable":true,"href":"https:\/\/mussicom.com\/noticias\/wp-json\/wp\/v2\/media\/9367"}],"wp:attachment":[{"href":"https:\/\/mussicom.com\/noticias\/wp-json\/wp\/v2\/media?parent=9366"}],"wp:term":[{"taxonomy":"category","embeddable":true,"href":"https:\/\/mussicom.com\/noticias\/wp-json\/wp\/v2\/categories?post=9366"},{"taxonomy":"post_tag","embeddable":true,"href":"https:\/\/mussicom.com\/noticias\/wp-json\/wp\/v2\/tags?post=9366"}],"curies":[{"name":"wp","href":"https:\/\/api.w.org\/{rel}","templated":true}]}}