{"id":9365,"date":"2025-04-01T05:19:01","date_gmt":"2025-04-01T08:19:01","guid":{"rendered":"https:\/\/www.mussicom.com\/bolsonaro-convoca-para-ato-pela-anistia-na-avenida-paulista\/"},"modified":"2025-04-01T05:19:01","modified_gmt":"2025-04-01T08:19:01","slug":"bolsonaro-convoca-para-ato-pela-anistia-na-avenida-paulista","status":"publish","type":"post","link":"https:\/\/mussicom.com\/noticias\/bolsonaro-convoca-para-ato-pela-anistia-na-avenida-paulista\/","title":{"rendered":"Bolsonaro convoca para ato pela anistia na Avenida Paulista"},"content":{"rendered":"<p> <br \/>\n<\/p>\n<div id=\"hd80s9wa1h892edh8192\">\n<p>O ex-presidente Jair Bolsonaro convocou seus apoiadores para uma manifesta\u00e7\u00e3o que ocorrer\u00e1 no pr\u00f3ximo domingo, 6 de abril, na Avenida Paulista, em S\u00e3o Paulo. O ato tem como objetivo pressionar os congressistas pela aprova\u00e7\u00e3o da anistia a todos os envolvidos nos atos de 8 de janeiro de 2023.<\/p>\n<p>O ex-presidente citou a hist\u00f3ria da cabeleireira <strong>D\u00e9bora dos Santos<\/strong> e destacou que este n\u00e3o \u00e9 um caso isolado. \u201cExistem muitas outras D\u00e9boras\u201d, relata. \u201cMuitas outras m\u00e3es afastadas arbitrariamente de seus filhos. Muitas jovens com a vida interrompida n\u00e3o por crime algum, mas pelo desejo de vingan\u00e7a de Alexandre de Moraes.\u201d<\/p>\n<p><strong>+ Leia mais not\u00edcias de\u00a0Pol\u00edtica\u00a0em Oeste<\/strong><\/p>\n<p>Bolsonaro tamb\u00e9m destacou o caso de Eliene Amorim de Jesus, identificada como \u201cmanicure, mission\u00e1ria da Assembleia de Deus e estudante de psicologia\u201d, que, segundo ele, foi presa por acompanhar os acampamentos em frente aos quart\u00e9is como pesquisadora.<\/p>\n<p>\u201cTodas as imagens mostram Eliene com <strong>papel e caneta na m\u00e3o<\/strong>\u201c, argumentou o ex-presidente. \u201cSeu celular, apreendido pela PF, comprova que ela realizava uma pesquisa sobre os acampamentos pela \u00f3tica da psicologia.\u201d<\/p>\n<p><related-posts class=\"border-y border-gray-300 py-5\"><\/p>\n<h2 class=\"!text-2xl text-black font-primary font-semibold leading-none mb-3\">\n    Leia mais:<br \/>\n  <\/h2>\n<p><\/related-posts><\/p>\n<h2 class=\"wp-block-heading\">Bolsonaro defende anistia aos presos do 8 de janeiro<\/h2>\n<p>Apesar das alega\u00e7\u00f5es de inoc\u00eancia, Bolsonaro afirma que Eliene permanece presa preventivamente h\u00e1 dois anos, \u201csem visitas, longe da fam\u00edlia e com a vida suspensa\u201d. Para o ex-presidente, trata-se de uma situa\u00e7\u00e3o inaceit\u00e1vel: \u201cUma jovem trabalhadora, estudiosa, sem antecedentes e claramente inocente est\u00e1 sendo tratada como inimiga do Estado.\u201d<\/p>\n<p>Segundo Bolsonaro, os casos mencionados representam apenas a ponta do iceberg. \u201cH\u00e1 dezenas, talvez centenas, de casos parecidos, muitos dos quais sequer vieram \u00e0 tona ainda, j\u00e1 que pessoas foram presas nessas opera\u00e7\u00f5es por todo o Brasil.\u201d<\/p>\n<blockquote class=\"twitter-tweet\">\n<p lang=\"pt\" dir=\"ltr\">\u2013 Infelizmente, D\u00e9bora n\u00e3o \u00e9 um caso isolado. Existem muitas outras D\u00e9boras. Muitas outras m\u00e3es afastadas arbitrariamente de seus filhos. Muitas jovens com a vida interrompida n\u00e3o por crime algum, mas pelo desejo de vingan\u00e7a de Alexandre de Moraes.<\/p>\n<p>\u2013 \u00c9 o caso de Eliene Amorim de\u2026 <a href=\"https:\/\/t.co\/7PklQWSuh5\">pic.twitter.com\/7PklQWSuh5<\/a><\/p>\n<p>\u2014 Jair M. Bolsonaro (@jairbolsonaro) <a href=\"https:\/\/twitter.com\/jairbolsonaro\/status\/1906678613539229831?ref_src=twsrc%5Etfw\">March 31, 2025<\/a><\/p><\/blockquote>\n<p>Em tom enf\u00e1tico, o ex-presidente concluiu sua convoca\u00e7\u00e3o: \u201cPor isso, n\u00e3o podemos recuar\u201d, bradou. \u201cTemos que seguir exigindo liberdade e anistia para todos os presos pol\u00edticos do 8 de janeiro. No pr\u00f3ximo domingo, 6 de abril, todos na Avenida Paulista!\u201d<\/p>\n<p>A convoca\u00e7\u00e3o deste novo ato ocorre tr\u00eas semanas depois da manifesta\u00e7\u00e3o expressiva organizada por Bolsonaro na praia de Copacabana, no Rio de Janeiro, que tamb\u00e9m contou com pautas voltadas \u00e0 defesa da liberdade, da Constitui\u00e7\u00e3o e da revis\u00e3o das puni\u00e7\u00f5es relacionadas aos eventos de 8 de janeiro.<\/p>\n<p><strong>Leia tamb\u00e9m:\u00a0\u201cTribunal sob suspeita\u201d, artigo de Silvio Navarro publicado na Edi\u00e7\u00e3o 260 da Revista Oeste<\/strong><\/p>\n<\/p><\/div>\n<p><script async src=\"\/\/platform.twitter.com\/widgets.js\" charset=\"utf-8\"><\/script><br \/>\n<br \/><br \/>\n<br \/>Fonte: <a href=\"https:\/\/revistaoeste.com\/politica\/bolsonaro-convoca-para-ato-pela-anistia-na-avenida-paulista\/\">Ag\u00eancia Brasil<\/a><\/p>\n","protected":false},"excerpt":{"rendered":"<p>O ex-presidente Jair Bolsonaro convocou seus apoiadores para uma manifesta\u00e7\u00e3o que ocorrer\u00e1 no pr\u00f3ximo domingo, 6 de abril, na Avenida Paulista, em S\u00e3o Paulo. O ato tem como objetivo pressionar os congressistas pela aprova\u00e7\u00e3o da anistia a todos os envolvidos nos atos de 8 de janeiro de 2023. O ex-presidente citou a hist\u00f3ria da cabeleireira [&hellip;]<\/p>\n","protected":false},"author":5,"featured_media":6288,"comment_status":"open","ping_status":"open","sticky":false,"template":"","format":"standard","meta":{"_seopress_robots_primary_cat":"","_seopress_titles_title":"","_seopress_titles_desc":"","_seopress_robots_index":"","footnotes":""},"categories":[47,1],"tags":[],"class_list":["post-9365","post","type-post","status-publish","format-standard","has-post-thumbnail","hentry","category-politica","category-ultimas-noticias"],"_links":{"self":[{"href":"https:\/\/mussicom.com\/noticias\/wp-json\/wp\/v2\/posts\/9365","targetHints":{"allow":["GET"]}}],"collection":[{"href":"https:\/\/mussicom.com\/noticias\/wp-json\/wp\/v2\/posts"}],"about":[{"href":"https:\/\/mussicom.com\/noticias\/wp-json\/wp\/v2\/types\/post"}],"author":[{"embeddable":true,"href":"https:\/\/mussicom.com\/noticias\/wp-json\/wp\/v2\/users\/5"}],"replies":[{"embeddable":true,"href":"https:\/\/mussicom.com\/noticias\/wp-json\/wp\/v2\/comments?post=9365"}],"version-history":[{"count":0,"href":"https:\/\/mussicom.com\/noticias\/wp-json\/wp\/v2\/posts\/9365\/revisions"}],"wp:featuredmedia":[{"embeddable":true,"href":"https:\/\/mussicom.com\/noticias\/wp-json\/wp\/v2\/media\/6288"}],"wp:attachment":[{"href":"https:\/\/mussicom.com\/noticias\/wp-json\/wp\/v2\/media?parent=9365"}],"wp:term":[{"taxonomy":"category","embeddable":true,"href":"https:\/\/mussicom.com\/noticias\/wp-json\/wp\/v2\/categories?post=9365"},{"taxonomy":"post_tag","embeddable":true,"href":"https:\/\/mussicom.com\/noticias\/wp-json\/wp\/v2\/tags?post=9365"}],"curies":[{"name":"wp","href":"https:\/\/api.w.org\/{rel}","templated":true}]}}