{"id":9343,"date":"2025-04-01T02:52:00","date_gmt":"2025-04-01T05:52:00","guid":{"rendered":"https:\/\/mussicom.com\/deputado-quer-cpi-para-apurar-ma-gestao-financeira-e-uso-politico-de-itaipu\/"},"modified":"2025-04-01T02:52:00","modified_gmt":"2025-04-01T05:52:00","slug":"deputado-quer-cpi-para-apurar-ma-gestao-financeira-e-uso-politico-de-itaipu","status":"publish","type":"post","link":"https:\/\/mussicom.com\/noticias\/deputado-quer-cpi-para-apurar-ma-gestao-financeira-e-uso-politico-de-itaipu\/","title":{"rendered":"Deputado quer CPI para apurar \u201cm\u00e1 gest\u00e3o financeira e uso pol\u00edtico\u201d de Itaipu"},"content":{"rendered":"<p> <br \/>\n<\/p>\n<div><\/p>\n<div>Para o deputado, h\u00e1 ind\u00edcios de desvio de finalidade, m\u00e1 gest\u00e3o financeira e uso pol\u00edtico dos recursos da Itaipu Binacional.<\/div>\n<\/div>\n<p><br \/>\n<br \/>Fonte: <a href=\"https:\/\/www.gazetadopovo.com.br\/republica\/deputado-quer-cpi-para-apurar-ma-gestao-financeira-e-uso-politico-de-itaipu\/\">Revista Oeste<\/a><\/p>\n","protected":false},"excerpt":{"rendered":"<p>Para o deputado, h\u00e1 ind\u00edcios de desvio de finalidade, m\u00e1 gest\u00e3o financeira e uso pol\u00edtico dos recursos da Itaipu Binacional. Fonte: Revista Oeste<\/p>\n","protected":false},"author":5,"featured_media":9344,"comment_status":"open","ping_status":"open","sticky":false,"template":"","format":"standard","meta":{"_seopress_robots_primary_cat":"","_seopress_titles_title":"","_seopress_titles_desc":"","_seopress_robots_index":"","footnotes":""},"categories":[1],"tags":[],"class_list":["post-9343","post","type-post","status-publish","format-standard","has-post-thumbnail","hentry","category-ultimas-noticias"],"_links":{"self":[{"href":"https:\/\/mussicom.com\/noticias\/wp-json\/wp\/v2\/posts\/9343","targetHints":{"allow":["GET"]}}],"collection":[{"href":"https:\/\/mussicom.com\/noticias\/wp-json\/wp\/v2\/posts"}],"about":[{"href":"https:\/\/mussicom.com\/noticias\/wp-json\/wp\/v2\/types\/post"}],"author":[{"embeddable":true,"href":"https:\/\/mussicom.com\/noticias\/wp-json\/wp\/v2\/users\/5"}],"replies":[{"embeddable":true,"href":"https:\/\/mussicom.com\/noticias\/wp-json\/wp\/v2\/comments?post=9343"}],"version-history":[{"count":0,"href":"https:\/\/mussicom.com\/noticias\/wp-json\/wp\/v2\/posts\/9343\/revisions"}],"wp:featuredmedia":[{"embeddable":true,"href":"https:\/\/mussicom.com\/noticias\/wp-json\/wp\/v2\/media\/9344"}],"wp:attachment":[{"href":"https:\/\/mussicom.com\/noticias\/wp-json\/wp\/v2\/media?parent=9343"}],"wp:term":[{"taxonomy":"category","embeddable":true,"href":"https:\/\/mussicom.com\/noticias\/wp-json\/wp\/v2\/categories?post=9343"},{"taxonomy":"post_tag","embeddable":true,"href":"https:\/\/mussicom.com\/noticias\/wp-json\/wp\/v2\/tags?post=9343"}],"curies":[{"name":"wp","href":"https:\/\/api.w.org\/{rel}","templated":true}]}}