{"id":9323,"date":"2025-04-01T00:12:23","date_gmt":"2025-04-01T03:12:23","guid":{"rendered":"https:\/\/www.mussicom.com\/lewandowski-propoe-endurecer-penas-para-receptacao\/"},"modified":"2025-04-01T00:12:23","modified_gmt":"2025-04-01T03:12:23","slug":"lewandowski-propoe-endurecer-penas-para-receptacao","status":"publish","type":"post","link":"https:\/\/mussicom.com\/noticias\/lewandowski-propoe-endurecer-penas-para-receptacao\/","title":{"rendered":"Lewandowski prop\u00f5e endurecer penas para recepta\u00e7\u00e3o"},"content":{"rendered":"<p> <br \/>\n<\/p>\n<div id=\"hd80s9wa1h892edh8192\">\n<p>O ministro da Justi\u00e7a e Seguran\u00e7a P\u00fablica, Ricardo Lewandowski, encaminhou ao presidente Luiz In\u00e1cio Lula da Silva uma proposta de projeto de lei que endurece a puni\u00e7\u00e3o para o crime de recepta\u00e7\u00e3o \u2014 pr\u00e1tica que alimenta o mercado paralelo de produtos oriundos de furtos e roubos.<\/p>\n<p>Enviada nesta segunda-feira, 31, a proposta prev\u00ea o aumento de at\u00e9 50% nas penas para quem receptar celulares, dispositivos eletr\u00f4nicos, cabos, fios e outros itens frequentemente visados por quadrilhas. O objetivo \u00e9 enfraquecer financeiramente as organiza\u00e7\u00f5es criminosas que lucram com a comercializa\u00e7\u00e3o desses produtos.<\/p>\n<p><strong>+ Leia mais not\u00edcias de\u00a0Pol\u00edtica\u00a0em Oeste<\/strong><\/p>\n<p>Al\u00e9m disso, o texto cria uma nova tipifica\u00e7\u00e3o penal: o furto qualificado por encomenda. O crime se configurar\u00e1 quando o furto for cometido com a finalidade de revenda, especialmente se integrado a uma atividade comercial ou industrial, legal ou ilegal. Isso se aplica \u00e0 venda de produtos ou servi\u00e7os ilegais, como o <em>gatonet<\/em> ou <strong>aparelhos <em>TV box<\/em> piratas<\/strong>.<\/p>\n<p>\u201cA ideia \u00e9 enfrentar o efeito sist\u00eamico presente em crimes que envolvem atividades comerciais e industriais, cujos danos transcendem o patrim\u00f4nio da v\u00edtima e impactam diversos setores da economia\u201d, explicou Lewandowski.<\/p>\n<figure class=\"wp-block-image aligncenter size-full is-resized\"><picture><source data-srcset=\"https:\/\/medias.revistaoeste.com\/wp-content\/uploads\/2023\/08\/roubo-celular.jpg.webp 984w, https:\/\/medias.revistaoeste.com\/wp-content\/uploads\/2023\/08\/roubo-celular-300x225.jpg.webp 300w\" data-sizes=\"(max-width: 984px) 100vw, 984px\" type=\"image\/webp\"><img fetchpriority=\"high\" decoding=\"async\" width=\"984\" height=\"738\" src=\"https:\/\/medias.revistaoeste.com\/wp-content\/uploads\/2023\/08\/roubo-celular.jpg\" alt=\"roubo celular\" class=\"wp-image-1022737\" style=\"width:766px;height:auto\" srcset=\"https:\/\/medias.revistaoeste.com\/wp-content\/uploads\/2023\/08\/roubo-celular.jpg 984w, https:\/\/medias.revistaoeste.com\/wp-content\/uploads\/2023\/08\/roubo-celular-300x225.jpg 300w\" sizes=\"(max-width: 984px) 100vw, 984px\" data-eio=\"p\"\/><\/source><\/picture><figcaption class=\"wp-element-caption\">Apreens\u00e3o de celulares pela Pol\u00edcia Civil de S\u00e3o Paulo | Foto: DEIC\/Divulga\u00e7\u00e3o<\/figcaption><\/figure>\n<p>Para o ministro, pr\u00e1ticas como essas, al\u00e9m de golpes virtuais e estelionatos, \u201cest\u00e3o n\u00e3o apenas financiando, mas tamb\u00e9m ampliando o poder das organiza\u00e7\u00f5es criminosas, gerando um preju\u00edzo bilion\u00e1rio para o Pa\u00eds\u201d.<\/p>\n<p>O projeto estabelece uma nova grada\u00e7\u00e3o para os crimes de recepta\u00e7\u00e3o quando ligados \u00e0 atividade comercial. No caso de equipamentos como celulares, cabos de telecomunica\u00e7\u00e3o ou energia, a pena m\u00ednima passaria de tr\u00eas para quatro anos de reclus\u00e3o, e a m\u00e1xima poderia chegar a at\u00e9 12 anos \u2014 um aumento de at\u00e9 50%.<\/p>\n<h2 class=\"wp-block-heading\">Lewandowski: mercado ilegal \u201ccompromete o futuro do Pa\u00eds\u201d<\/h2>\n<p>A proposta tamb\u00e9m fecha brechas legais, como a recepta\u00e7\u00e3o entre familiares, que atualmente pode n\u00e3o ser punida. Com a mudan\u00e7a, a compra de item roubado de um parente tamb\u00e9m ser\u00e1 criminalizada.<\/p>\n<p><related-posts class=\"border-y border-gray-300 py-5\"><\/p>\n<h2 class=\"!text-2xl text-black font-primary font-semibold leading-none mb-3\">\n    Leia mais:<br \/>\n  <\/h2>\n<p><\/related-posts><\/p>\n<p>Itens considerados sens\u00edveis ter\u00e3o puni\u00e7\u00e3o mais severa, como dispositivos que armazenam dados pessoais, medicamentos, combust\u00edveis, fertilizantes, <strong>min\u00e9rios<\/strong>, armas, cigarros, ve\u00edculos, mercadorias em transporte ou encomendas postais.<\/p>\n<figure class=\"wp-block-embed is-type-video is-provider-youtube wp-block-embed-youtube wp-embed-aspect-16-9 wp-has-aspect-ratio\">\n<div class=\"wp-block-embed__wrapper\">\n<div class=\"perfmatters-lazy-youtube\" data-src=\"https:\/\/www.youtube.com\/embed\/SRs14oTTViU\" data-id=\"SRs14oTTViU\" data-query=\"feature=oembed\" onclick=\"perfmattersLazyLoadYouTube(this);\">\n<div><img decoding=\"async\" alt=\"YouTube video\" width=\"480\" height=\"360\" data-pin-nopin=\"true\" nopin=\"nopin\" class=\"perfmatters-lazy\" src=\"https:\/\/i.ytimg.com\/vi\/SRs14oTTViU\/hqdefault.jpg\"\/><img decoding=\"async\" src=\"https:\/\/i.ytimg.com\/vi\/SRs14oTTViU\/hqdefault.jpg\" alt=\"YouTube video\" width=\"480\" height=\"360\" data-pin-nopin=\"true\" nopin=\"nopin\"\/><\/div>\n<\/div>\n<p><noscript><iframe title=\"&#039;Pol\u00edcia prende mal e o Judici\u00e1rio \u00e9 obrigado a soltar&#039;, regurgita Lewandowski\" width=\"800\" height=\"450\" src=\"https:\/\/www.youtube.com\/embed\/SRs14oTTViU?feature=oembed\" frameborder=\"0\" allow=\"accelerometer; autoplay; clipboard-write; encrypted-media; gyroscope; picture-in-picture; web-share\" referrerpolicy=\"strict-origin-when-cross-origin\" allowfullscreen><\/iframe><\/noscript>\n<\/div>\n<\/figure>\n<p>O combate \u00e0 pirataria digital \u00e9 outro ponto central da proposta. A venda e distribui\u00e7\u00e3o de <em>gatonet<\/em> e <em>TV box<\/em> ser\u00e3o equiparadas \u00e0 recepta\u00e7\u00e3o qualificada, pr\u00e1ticas que n\u00e3o se enquadram claramente no C\u00f3digo Penal atual.<\/p>\n<p>Lewandowski argumenta que o mercado ilegal distorce a concorr\u00eancia, prejudica servi\u00e7os p\u00fablicos e alimenta a inseguran\u00e7a. \u201cIsso, inevitavelmente, compromete o futuro do Pa\u00eds\u201d, afirmou o ministro. Desde 2023, mais de 1,6 milh\u00e3o de itens irregulares foram apreendidos pela Ag\u00eancia Nacional de Telecomunica\u00e7\u00f5es (Anatel), cerca de R$ 253 milh\u00f5es em valor de mercado.<\/p>\n<p><strong>Leia tamb\u00e9m:\u00a0\u201cA fuga de Mossor\u00f3 explica o Brasil\u201d, reportagem de Rute Moraes e Silvio Navarro publicada na Edi\u00e7\u00e3o 210 da Revista Oeste<\/strong><\/p>\n<\/p><\/div>\n<p><br \/>\n<br \/>Fonte: <a href=\"https:\/\/revistaoeste.com\/politica\/lewandowski-propoe-endurecer-penas-para-receptacao-de-celulares\/\">Ag\u00eancia Brasil<\/a><\/p>\n","protected":false},"excerpt":{"rendered":"<p>O ministro da Justi\u00e7a e Seguran\u00e7a P\u00fablica, Ricardo Lewandowski, encaminhou ao presidente Luiz In\u00e1cio Lula da Silva uma proposta de projeto de lei que endurece a puni\u00e7\u00e3o para o crime de recepta\u00e7\u00e3o \u2014 pr\u00e1tica que alimenta o mercado paralelo de produtos oriundos de furtos e roubos. Enviada nesta segunda-feira, 31, a proposta prev\u00ea o aumento [&hellip;]<\/p>\n","protected":false},"author":5,"featured_media":9324,"comment_status":"open","ping_status":"open","sticky":false,"template":"","format":"standard","meta":{"_seopress_robots_primary_cat":"","_seopress_titles_title":"","_seopress_titles_desc":"","_seopress_robots_index":"","footnotes":""},"categories":[47,1],"tags":[],"class_list":["post-9323","post","type-post","status-publish","format-standard","has-post-thumbnail","hentry","category-politica","category-ultimas-noticias"],"_links":{"self":[{"href":"https:\/\/mussicom.com\/noticias\/wp-json\/wp\/v2\/posts\/9323","targetHints":{"allow":["GET"]}}],"collection":[{"href":"https:\/\/mussicom.com\/noticias\/wp-json\/wp\/v2\/posts"}],"about":[{"href":"https:\/\/mussicom.com\/noticias\/wp-json\/wp\/v2\/types\/post"}],"author":[{"embeddable":true,"href":"https:\/\/mussicom.com\/noticias\/wp-json\/wp\/v2\/users\/5"}],"replies":[{"embeddable":true,"href":"https:\/\/mussicom.com\/noticias\/wp-json\/wp\/v2\/comments?post=9323"}],"version-history":[{"count":0,"href":"https:\/\/mussicom.com\/noticias\/wp-json\/wp\/v2\/posts\/9323\/revisions"}],"wp:featuredmedia":[{"embeddable":true,"href":"https:\/\/mussicom.com\/noticias\/wp-json\/wp\/v2\/media\/9324"}],"wp:attachment":[{"href":"https:\/\/mussicom.com\/noticias\/wp-json\/wp\/v2\/media?parent=9323"}],"wp:term":[{"taxonomy":"category","embeddable":true,"href":"https:\/\/mussicom.com\/noticias\/wp-json\/wp\/v2\/categories?post=9323"},{"taxonomy":"post_tag","embeddable":true,"href":"https:\/\/mussicom.com\/noticias\/wp-json\/wp\/v2\/tags?post=9323"}],"curies":[{"name":"wp","href":"https:\/\/api.w.org\/{rel}","templated":true}]}}