{"id":9271,"date":"2025-03-31T19:55:11","date_gmt":"2025-03-31T22:55:11","guid":{"rendered":"https:\/\/www.mussicom.com\/incendio-em-concessionaria-da-tesla-em-roma-destroi-17-veiculos\/"},"modified":"2025-03-31T19:55:11","modified_gmt":"2025-03-31T22:55:11","slug":"incendio-em-concessionaria-da-tesla-em-roma-destroi-17-veiculos","status":"publish","type":"post","link":"https:\/\/mussicom.com\/noticias\/incendio-em-concessionaria-da-tesla-em-roma-destroi-17-veiculos\/","title":{"rendered":"Inc\u00eandio em concession\u00e1ria da Tesla em Roma destr\u00f3i 17 ve\u00edculos"},"content":{"rendered":"<p> <br \/>\n<\/p>\n<div id=\"hd80s9wa1h892edh8192\">\n<p>Na madrugada desta segunda-feira, 31, um inc\u00eandio destruiu 17 ve\u00edculos em uma concession\u00e1ria da Tesla em Roma, It\u00e1lia. O incidente ocorreu sem v\u00edtimas, mas causou danos parciais \u00e0 \u00e1rea onde os carros estavam estacionados. As autoridades est\u00e3o investigando as causas do inc\u00eandio.<\/p>\n<p>Os bombeiros que atenderam ao chamado n\u00e3o divulgaram detalhes sobre a origem do inc\u00eandio. No entanto, a m\u00eddia italiana informa que uma das hip\u00f3teses em an\u00e1lise \u00e9 a de um inc\u00eandio criminoso. <\/p>\n<figure class=\"wp-block-embed is-type-rich is-provider-twitter wp-block-embed-twitter\"\/>\n<p>Os ve\u00edculos da Tesla, cuja montadora \u00e9 liderada por Elon Musk, t\u00eam sido alvo de a\u00e7\u00f5es de vandalismo em v\u00e1rios pa\u00edses, vistas como uma resposta ao \u201cativismo de direita\u201d do bilion\u00e1rio.<\/p>\n<p>Um incidente semelhante ocorreu em uma concession\u00e1ria da Tesla em Toulouse, Fran\u00e7a, onde oito ve\u00edculos foram destru\u00eddos e outros quatro danificados. <\/p>\n<h2 class=\"wp-block-heading\">Incidentes semelhantes<\/h2>\n<p>Mais de 200 protestos contra a Tesla foram realizados em v\u00e1rias cidades dos Estados Unidos, refletindo o descontentamento com a empresa de Elon Musk. <\/p>\n<p>Esses eventos tamb\u00e9m ocorreram no Canad\u00e1 e em alguns pa\u00edses europeus, compondo um movimento global de cr\u00edticas \u00e0 atua\u00e7\u00e3o de Musk.<\/p>\n<p>O movimento, denominado \u201cTesla Takedown\u201d, tem o objetivo de expressar frustra\u00e7\u00e3o com a nomea\u00e7\u00e3o de Elon Musk como chefe do Departamento de Efici\u00eancia Governamental (DOGE) no governo dos EUA. <\/p>\n<h2 class=\"wp-block-heading\">Elon Musk se pronuncia sobre ataques contra Tesla<\/h2>\n<figure class=\"wp-block-image aligncenter size-full is-resized\"><picture><source data-srcset=\"https:\/\/medias.revistaoeste.com\/wp-content\/uploads\/2025\/03\/2025-03-04T114319Z_1091810180_RC2JSCAFKIAW_RTRMADP_3_EUROPE-MUSK-scaled.jpg.webp 2560w, https:\/\/medias.revistaoeste.com\/wp-content\/uploads\/2025\/03\/2025-03-04T114319Z_1091810180_RC2JSCAFKIAW_RTRMADP_3_EUROPE-MUSK-300x200.jpg.webp 300w, https:\/\/medias.revistaoeste.com\/wp-content\/uploads\/2025\/03\/2025-03-04T114319Z_1091810180_RC2JSCAFKIAW_RTRMADP_3_EUROPE-MUSK-150x100.jpg.webp 150w\" data-sizes=\"(max-width: 2560px) 100vw, 2560px\" type=\"image\/webp\"><img fetchpriority=\"high\" decoding=\"async\" width=\"2560\" height=\"1708\" src=\"https:\/\/medias.revistaoeste.com\/wp-content\/uploads\/2025\/03\/2025-03-04T114319Z_1091810180_RC2JSCAFKIAW_RTRMADP_3_EUROPE-MUSK-scaled.jpg\" alt=\"O empres\u00e1rio sul-africano Elon Musk, dono do X | Fotos: Kevin Lamarque\/Reuters\" class=\"wp-image-1913371\" style=\"width:523px;height:auto\" srcset=\"https:\/\/medias.revistaoeste.com\/wp-content\/uploads\/2025\/03\/2025-03-04T114319Z_1091810180_RC2JSCAFKIAW_RTRMADP_3_EUROPE-MUSK-scaled.jpg 2560w, https:\/\/medias.revistaoeste.com\/wp-content\/uploads\/2025\/03\/2025-03-04T114319Z_1091810180_RC2JSCAFKIAW_RTRMADP_3_EUROPE-MUSK-300x200.jpg 300w, https:\/\/medias.revistaoeste.com\/wp-content\/uploads\/2025\/03\/2025-03-04T114319Z_1091810180_RC2JSCAFKIAW_RTRMADP_3_EUROPE-MUSK-150x100.jpg 150w\" sizes=\"(max-width: 2560px) 100vw, 2560px\" data-eio=\"p\"\/><\/source><\/picture><figcaption class=\"wp-element-caption\">O empres\u00e1rio sul-africano Elon Musk, dono do X, da Tesla e da SpaceX | Fotos: Kevin Lamarque\/Reuters<\/figcaption><\/figure>\n<p>A unidade especial de pol\u00edcia Digos, respons\u00e1vel por investiga\u00e7\u00f5es complexas, est\u00e1 \u00e0 frente do caso na It\u00e1lia. Eles est\u00e3o explorando a possibilidade de que anarquistas possam estar envolvidos no ataque. <\/p>\n<p>Elon Musk classificou o inc\u00eandio em uma concession\u00e1ria da Tesla em Roma como um ato de \u201cterrorismo\u201d. Imagens capturadas por drones depois do inc\u00eandio revelaram os restos carbonizados dos carros, organizados em filas no estacionamento da concession\u00e1ria.<\/p>\n<figure class=\"wp-block-embed is-type-rich is-provider-twitter wp-block-embed-twitter\"\/>\n<p>N\u00e3o \u00e9 a primeira vez que o empres\u00e1rio classifica os ataques contra carros da Tesla como terrorismo. Em 18 de mar\u00e7o, ele fez um coment\u00e1rio semelhante em uma publica\u00e7\u00e3o que relatava um incidente similar em Las Vegas, nos Estados Unidos.<\/p>\n<figure class=\"wp-block-embed is-type-rich is-provider-twitter wp-block-embed-twitter\"\/>\n<p>Apesar dos ocorridos, Musk declarou recentemente que continua comprometido com suas responsabilidades no setor p\u00fablico e privado.<\/p>\n<p><strong>+ Leia mais not\u00edcias do Mundo em Oeste<\/strong><\/p>\n<\/p><\/div>\n<p><br \/>\n<br \/>Fonte: <a href=\"https:\/\/revistaoeste.com\/mundo\/incendio-em-concessionaria-da-tesla-em-roma-destroi-17-veiculos\/\">Revista Oeste<\/a><\/p>\n","protected":false},"excerpt":{"rendered":"<p>Na madrugada desta segunda-feira, 31, um inc\u00eandio destruiu 17 ve\u00edculos em uma concession\u00e1ria da Tesla em Roma, It\u00e1lia. O incidente ocorreu sem v\u00edtimas, mas causou danos parciais \u00e0 \u00e1rea onde os carros estavam estacionados. As autoridades est\u00e3o investigando as causas do inc\u00eandio. Os bombeiros que atenderam ao chamado n\u00e3o divulgaram detalhes sobre a origem do [&hellip;]<\/p>\n","protected":false},"author":5,"featured_media":9272,"comment_status":"open","ping_status":"open","sticky":false,"template":"","format":"standard","meta":{"_seopress_robots_primary_cat":"","_seopress_titles_title":"","_seopress_titles_desc":"","_seopress_robots_index":"","footnotes":""},"categories":[48],"tags":[],"class_list":["post-9271","post","type-post","status-publish","format-standard","has-post-thumbnail","hentry","category-internacional"],"_links":{"self":[{"href":"https:\/\/mussicom.com\/noticias\/wp-json\/wp\/v2\/posts\/9271","targetHints":{"allow":["GET"]}}],"collection":[{"href":"https:\/\/mussicom.com\/noticias\/wp-json\/wp\/v2\/posts"}],"about":[{"href":"https:\/\/mussicom.com\/noticias\/wp-json\/wp\/v2\/types\/post"}],"author":[{"embeddable":true,"href":"https:\/\/mussicom.com\/noticias\/wp-json\/wp\/v2\/users\/5"}],"replies":[{"embeddable":true,"href":"https:\/\/mussicom.com\/noticias\/wp-json\/wp\/v2\/comments?post=9271"}],"version-history":[{"count":0,"href":"https:\/\/mussicom.com\/noticias\/wp-json\/wp\/v2\/posts\/9271\/revisions"}],"wp:featuredmedia":[{"embeddable":true,"href":"https:\/\/mussicom.com\/noticias\/wp-json\/wp\/v2\/media\/9272"}],"wp:attachment":[{"href":"https:\/\/mussicom.com\/noticias\/wp-json\/wp\/v2\/media?parent=9271"}],"wp:term":[{"taxonomy":"category","embeddable":true,"href":"https:\/\/mussicom.com\/noticias\/wp-json\/wp\/v2\/categories?post=9271"},{"taxonomy":"post_tag","embeddable":true,"href":"https:\/\/mussicom.com\/noticias\/wp-json\/wp\/v2\/tags?post=9271"}],"curies":[{"name":"wp","href":"https:\/\/api.w.org\/{rel}","templated":true}]}}