{"id":9223,"date":"2025-03-31T16:11:10","date_gmt":"2025-03-31T19:11:10","guid":{"rendered":"https:\/\/www.mussicom.com\/?p=9223"},"modified":"2025-03-31T16:17:44","modified_gmt":"2025-03-31T19:17:44","slug":"tcesp-julga-irregular-contrato-de-gestao-do-ame-santos","status":"publish","type":"post","link":"https:\/\/mussicom.com\/noticias\/tcesp-julga-irregular-contrato-de-gestao-do-ame-santos\/","title":{"rendered":"TCESP julga irregular contrato de gest\u00e3o do AME Santos"},"content":{"rendered":"\n<p><strong>Inconsist\u00eancias no plano de trabalho levantam questionamentos<\/strong><\/p>\n\n\n\n<p>A Segunda C\u00e2mara do Tribunal de Contas do Estado de S\u00e3o Paulo (TCESP) considerou irregular a dispensa de licita\u00e7\u00e3o, a convoca\u00e7\u00e3o p\u00fablica e o contrato de gest\u00e3o firmado em 2023 entre a Secretaria de Estado da Sa\u00fade e a Funda\u00e7\u00e3o do ABC para administra\u00e7\u00e3o do Ambulat\u00f3rio M\u00e9dico de Especialidades de Santos (AME Santos). O acordo, com dura\u00e7\u00e3o de cinco anos e avaliado em R$ 101,3 milh\u00f5es, apresentou inconsist\u00eancias em seu plano de trabalho.<\/p>\n\n\n\n<p><strong>Falta de transpar\u00eancia nos custos<\/strong><\/p>\n\n\n\n<p>A relatora do processo, conselheira Cristiana de Castro Moraes, apontou a aus\u00eancia de detalhamento dos custos e a falta de uma correla\u00e7\u00e3o clara entre os valores or\u00e7ados e as metas estabelecidas. Segundo ela, essas falhas comprometeram a transpar\u00eancia da defini\u00e7\u00e3o de despesas e dificultaram a fiscaliza\u00e7\u00e3o pelo \u00f3rg\u00e3o de controle.<\/p>\n\n\n\n<p>O procurador de Contas Rafael Antonio Baldo tamb\u00e9m manifestou preocupa\u00e7\u00e3o com a falta de especificidade nos gastos previstos. Ele criticou a transfer\u00eancia da gest\u00e3o da sa\u00fade p\u00fablica para o Terceiro Setor sem um controle adequado dos custos e da efici\u00eancia dos servi\u00e7os prestados.<\/p>\n\n\n\n<p><strong>Poss\u00edvel taxa de administra\u00e7\u00e3o indevida<\/strong><\/p>\n\n\n\n<p>Outro ponto questionado foi a inclus\u00e3o de despesas mensais com &#8220;servi\u00e7os administrativos&#8221; e &#8220;servi\u00e7os gerais&#8221;, o que poderia caracterizar uma taxa de administra\u00e7\u00e3o. O TCESP destacou que essa pr\u00e1tica s\u00f3 \u00e9 permitida se houver crit\u00e9rios de rastreabilidade e transpar\u00eancia que permitam relacionar os gastos ao previsto no contrato.<\/p>\n\n\n\n<p><strong>Defesa do governo estadual<\/strong><\/p>\n\n\n\n<p>A Secretaria de Estado da Sa\u00fade de S\u00e3o Paulo afirmou que o contrato seguiu todas as exig\u00eancias legais, conforme a Lei Complementar Estadual n\u00ba 846\/1998. O \u00f3rg\u00e3o garantiu estar \u00e0 disposi\u00e7\u00e3o do TCESP para esclarecer os apontamentos feitos na auditoria.<\/p>\n\n\n\n<p><strong>Monitoramento e pr\u00f3ximos passos<\/strong><\/p>\n\n\n\n<p>Diante das irregularidades constatadas, o Tribunal de Contas deve continuar acompanhando a execu\u00e7\u00e3o do contrato para garantir o cumprimento das normas e a transpar\u00eancia na aplica\u00e7\u00e3o dos recursos p\u00fablicos. O desdobramento do caso poder\u00e1 resultar em novas medidas por parte do \u00f3rg\u00e3o fiscalizador.<\/p>\n\n\n\n<p>Fonte: <a href=\"https:\/\/www.bs9.com.br\/politica\/tribunal-de-contas-do-estado-julga-irregular-contrato-de-gestao-do-ame\/30712\/\" data-type=\"link\" data-id=\"https:\/\/www.bs9.com.br\/politica\/tribunal-de-contas-do-estado-julga-irregular-contrato-de-gestao-do-ame\/30712\/\">BS9<\/a><\/p>\n\n\n\n<p><\/p>\n","protected":false},"excerpt":{"rendered":"<p>Inconsist\u00eancias no plano de trabalho levantam questionamentos A Segunda C\u00e2mara do Tribunal de Contas do Estado de S\u00e3o Paulo (TCESP) considerou irregular a dispensa de licita\u00e7\u00e3o, a convoca\u00e7\u00e3o p\u00fablica e o contrato de gest\u00e3o firmado em 2023 entre a Secretaria de Estado da Sa\u00fade e a Funda\u00e7\u00e3o do ABC para administra\u00e7\u00e3o do Ambulat\u00f3rio M\u00e9dico de [&hellip;]<\/p>\n","protected":false},"author":5,"featured_media":9226,"comment_status":"open","ping_status":"open","sticky":false,"template":"","format":"standard","meta":{"_seopress_robots_primary_cat":"none","_seopress_titles_title":"","_seopress_titles_desc":"","_seopress_robots_index":"","footnotes":""},"categories":[3,52,1],"tags":[],"class_list":["post-9223","post","type-post","status-publish","format-standard","has-post-thumbnail","hentry","category-destaques","category-santoseregiao","category-ultimas-noticias"],"_links":{"self":[{"href":"https:\/\/mussicom.com\/noticias\/wp-json\/wp\/v2\/posts\/9223","targetHints":{"allow":["GET"]}}],"collection":[{"href":"https:\/\/mussicom.com\/noticias\/wp-json\/wp\/v2\/posts"}],"about":[{"href":"https:\/\/mussicom.com\/noticias\/wp-json\/wp\/v2\/types\/post"}],"author":[{"embeddable":true,"href":"https:\/\/mussicom.com\/noticias\/wp-json\/wp\/v2\/users\/5"}],"replies":[{"embeddable":true,"href":"https:\/\/mussicom.com\/noticias\/wp-json\/wp\/v2\/comments?post=9223"}],"version-history":[{"count":2,"href":"https:\/\/mussicom.com\/noticias\/wp-json\/wp\/v2\/posts\/9223\/revisions"}],"predecessor-version":[{"id":9231,"href":"https:\/\/mussicom.com\/noticias\/wp-json\/wp\/v2\/posts\/9223\/revisions\/9231"}],"wp:featuredmedia":[{"embeddable":true,"href":"https:\/\/mussicom.com\/noticias\/wp-json\/wp\/v2\/media\/9226"}],"wp:attachment":[{"href":"https:\/\/mussicom.com\/noticias\/wp-json\/wp\/v2\/media?parent=9223"}],"wp:term":[{"taxonomy":"category","embeddable":true,"href":"https:\/\/mussicom.com\/noticias\/wp-json\/wp\/v2\/categories?post=9223"},{"taxonomy":"post_tag","embeddable":true,"href":"https:\/\/mussicom.com\/noticias\/wp-json\/wp\/v2\/tags?post=9223"}],"curies":[{"name":"wp","href":"https:\/\/api.w.org\/{rel}","templated":true}]}}