{"id":9179,"date":"2025-03-31T12:35:46","date_gmt":"2025-03-31T15:35:46","guid":{"rendered":"https:\/\/mussicom.com\/kanye-west-com-roupa-da-kkk-e-colar-nazista-diz-que-nao-queria-ter-filhos-com-kim-kardashian\/"},"modified":"2025-03-31T12:35:46","modified_gmt":"2025-03-31T15:35:46","slug":"kanye-west-com-roupa-da-kkk-e-colar-nazista-diz-que-nao-queria-ter-filhos-com-kim-kardashian","status":"publish","type":"post","link":"https:\/\/mussicom.com\/noticias\/kanye-west-com-roupa-da-kkk-e-colar-nazista-diz-que-nao-queria-ter-filhos-com-kim-kardashian\/","title":{"rendered":"Kanye West, com roupa da KKK e colar nazista, diz que \u2018n\u00e3o queria ter filhos\u2019 com Kim Kardashian"},"content":{"rendered":"<p> <br \/>\n<\/p>\n<div>\n<p>Mesmo ap\u00f3s defender <strong>Sean &#8220;Diddy&#8221; Combs<\/strong> publicamente, polemizar com nudez de <strong>Bianca Censori<\/strong> no <strong>Grammy 2025<\/strong>, publicar s\u00e9rie de tu\u00edtes preconceituosos e declara\u00e7\u00f5es antissemitas, <strong>Kanye West<\/strong> conseguiu piorar ainda mais a pr\u00f3pria situa\u00e7\u00e3o. Agora, o rapper concedeu entrevista com roupa da <strong>KKK<\/strong> e colar nazista e disse que &#8220;n\u00e3o queria ter filhos&#8221; com <strong>Kim Kardashian<\/strong>.<\/p>\n<p>Em entrevista com <strong>DJ Akademiks<\/strong> no canal de YouTube de <strong>Chris Venegas<\/strong>, o rapper recebe os entrevistadores com um colar brilhante do s\u00edmbolo nazista. Ent\u00e3o, <strong>West<\/strong> sai temporariamente do c\u00f4modo e volta com um traje da <strong>Ku Klux Klan<\/strong> (<strong>KKK<\/strong>), organiza\u00e7\u00e3o racista dos Estados Unidos que defende a supremacia branca.<\/p>\n<p>Em determinado momento da conversa, o artista relembra do casamento com <strong>Kim Kardashian<\/strong>, socialite que tem quatro filhos com o cantor: <strong>North<\/strong> (11 anos), <strong>Saint<\/strong> (9), <strong>Chicago<\/strong> (7) e <strong>Psalm<\/strong> (5). &#8220;Foi culpa minha. Eu n\u00e3o queria ter filhos com essa pessoa depois dos dois primeiros meses em que estive com ela&#8221;, afirmou. &#8220;Mas esse n\u00e3o era o plano de Deus&#8221;.<\/p>\n<p>Ent\u00e3o, <strong>Kanye West<\/strong> reclamou que &#8220;n\u00e3o \u00e9 dono&#8221; dos respectivos nomes e da imagens dos herdeiros: &#8220;Eu n\u00e3o tenho a propriedade do nome ou da imagem, ou pelo menos [<em>divis\u00e3o<\/em>] 50-50, com meus filhos. Ent\u00e3o como \u00e9 a guarda compartilhada? Meus filhos s\u00e3o celebridades e eu n\u00e3o tenho voz ativa&#8221;.<\/p>\n<p><iframe title=\"Kanye West &amp; DJ Akademiks INTERVIEW (Full Video)\" width=\"800\" height=\"450\" src=\"https:\/\/www.youtube.com\/embed\/nCBC1Ag7M1c?feature=oembed\" frameborder=\"0\" allow=\"accelerometer; autoplay; clipboard-write; encrypted-media; gyroscope; picture-in-picture; web-share\" referrerpolicy=\"strict-origin-when-cross-origin\" allowfullscreen><\/iframe><\/p>\n<p><strong>+++LEIA MAIS: Kanye West \u00e9 processado por usar m\u00fasica de artista alem\u00e3 sem autoriza\u00e7\u00e3o<\/strong><\/p>\n<\/div>\n<p><br \/>\n<br \/>Fonte: <a href=\"https:\/\/rollingstone.com.br\/noticia\/kanye-west-com-roupa-da-kkk-e-colar-nazista-diz-que-nao-queria-ter-filhos-com-kim-kardashian\/\">rollingstone.com.br<\/a><\/p>\n","protected":false},"excerpt":{"rendered":"<p>Mesmo ap\u00f3s defender Sean &#8220;Diddy&#8221; Combs publicamente, polemizar com nudez de Bianca Censori no Grammy 2025, publicar s\u00e9rie de tu\u00edtes preconceituosos e declara\u00e7\u00f5es antissemitas, Kanye West conseguiu piorar ainda mais a pr\u00f3pria situa\u00e7\u00e3o. Agora, o rapper concedeu entrevista com roupa da KKK e colar nazista e disse que &#8220;n\u00e3o queria ter filhos&#8221; com Kim Kardashian. [&hellip;]<\/p>\n","protected":false},"author":5,"featured_media":9180,"comment_status":"open","ping_status":"open","sticky":false,"template":"","format":"standard","meta":{"_seopress_robots_primary_cat":"","_seopress_titles_title":"","_seopress_titles_desc":"","_seopress_robots_index":"","footnotes":""},"categories":[51],"tags":[],"class_list":["post-9179","post","type-post","status-publish","format-standard","has-post-thumbnail","hentry","category-musica"],"_links":{"self":[{"href":"https:\/\/mussicom.com\/noticias\/wp-json\/wp\/v2\/posts\/9179","targetHints":{"allow":["GET"]}}],"collection":[{"href":"https:\/\/mussicom.com\/noticias\/wp-json\/wp\/v2\/posts"}],"about":[{"href":"https:\/\/mussicom.com\/noticias\/wp-json\/wp\/v2\/types\/post"}],"author":[{"embeddable":true,"href":"https:\/\/mussicom.com\/noticias\/wp-json\/wp\/v2\/users\/5"}],"replies":[{"embeddable":true,"href":"https:\/\/mussicom.com\/noticias\/wp-json\/wp\/v2\/comments?post=9179"}],"version-history":[{"count":0,"href":"https:\/\/mussicom.com\/noticias\/wp-json\/wp\/v2\/posts\/9179\/revisions"}],"wp:featuredmedia":[{"embeddable":true,"href":"https:\/\/mussicom.com\/noticias\/wp-json\/wp\/v2\/media\/9180"}],"wp:attachment":[{"href":"https:\/\/mussicom.com\/noticias\/wp-json\/wp\/v2\/media?parent=9179"}],"wp:term":[{"taxonomy":"category","embeddable":true,"href":"https:\/\/mussicom.com\/noticias\/wp-json\/wp\/v2\/categories?post=9179"},{"taxonomy":"post_tag","embeddable":true,"href":"https:\/\/mussicom.com\/noticias\/wp-json\/wp\/v2\/tags?post=9179"}],"curies":[{"name":"wp","href":"https:\/\/api.w.org\/{rel}","templated":true}]}}