{"id":9081,"date":"2025-03-30T20:30:37","date_gmt":"2025-03-30T23:30:37","guid":{"rendered":"https:\/\/www.mussicom.com\/funai-libera-diretora-para-ir-a-congresso-psicodelico-nos-eua\/"},"modified":"2025-03-30T20:30:37","modified_gmt":"2025-03-30T23:30:37","slug":"funai-libera-diretora-para-ir-a-congresso-psicodelico-nos-eua","status":"publish","type":"post","link":"https:\/\/mussicom.com\/noticias\/funai-libera-diretora-para-ir-a-congresso-psicodelico-nos-eua\/","title":{"rendered":"Funai libera diretora para ir a congresso psicod\u00e9lico nos EUA"},"content":{"rendered":"<p> <br \/>\n<\/p>\n<div id=\"hd80s9wa1h892edh8192\">\n<p>A Funda\u00e7\u00e3o Nacional dos Povos Ind\u00edgenas (Funai) determinou o afastamento tempor\u00e1rio de Lucia Fernanda J\u00f3fej Kaing\u00e1ng, diretora do Museu Nacional dos Povos Ind\u00edgenas, para participar de um evento nos Estados Unidos focado no uso de subst\u00e2ncias psicod\u00e9licas. <\/p>\n<p>A presidente da Funai, Joenia Wapichana, oficializou a decis\u00e3o no Di\u00e1rio Oficial da Uni\u00e3o (DOU) na \u00faltima quarta-feira, 26. Lucia Fernanda deve ficar afastada do cargo entre 26 de mar\u00e7o e 3 de abril.<\/p>\n<p><strong>+ Leia mais not\u00edcias de Pol\u00edtica em Oeste<\/strong><\/p>\n<p>Conforme apurado pelo jornal Metr\u00f3poles, o afastamento de Lucia Fernanda \u00e9 com \u00f4nus limitado. Ou seja, a diretora do Museu Nacional dos Povos Ind\u00edgenas continuar\u00e1 recebendo seu sal\u00e1rio e benef\u00edcios.<\/p>\n<p>Lucia Fernanda recebeu a autoriza\u00e7\u00e3o da Funai para participar da confer\u00eancia <em>Psychedelic Culture <\/em>2025, que ocorre entre s\u00e1bado 29 e este domingo, em S\u00e3o Francisco, na Calif\u00f3rnia.<\/p>\n<h2 class=\"wp-block-heading\">Integrante da Funai participa de evento que explora uso de psicod\u00e9licos na medicina<\/h2>\n<p>A integrante da Funai, a diretora Lucia Fernanda J\u00f3fej Kaing\u00e1ng, do Museu Nacional dos Povos Ind\u00edgenas participa de uma confer\u00eancia visa a debater o uso de subst\u00e2ncias psicod\u00e9licas na medicina. O evento \u00e9 organizado pelo Instituto Chacruna de Plantas Psicod\u00e9licas e Medicinais.<\/p>\n<p>O evento inclui atividades como c\u00edrculos de arte, cerim\u00f4nias de rap\u00e9, sess\u00f5es de encontro, m\u00fasica, dan\u00e7a e palestras, embora n\u00e3o conste na agenda oficial da diretora, indispon\u00edvel desde o fechamento do museu em 2016.<\/p>\n<p>O Metr\u00f3poles procurou a Funai para questionar quem arcar\u00e1 com os custos da viagem e o objetivo da participa\u00e7\u00e3o da diretora no evento. A pasta sugeriu que a reportagem procurasse o Museu Nacional dos Povos Ind\u00edgenas, que n\u00e3o respondeu aos contatos at\u00e9 o momento.<\/p>\n<\/p><\/div>\n<p><br \/>\n<br \/>Fonte: <a href=\"https:\/\/revistaoeste.com\/politica\/funai-libera-diretora-para-participar-de-congresso-psicodelico-nos-eua\/\">Ag\u00eancia Brasil<\/a><\/p>\n","protected":false},"excerpt":{"rendered":"<p>A Funda\u00e7\u00e3o Nacional dos Povos Ind\u00edgenas (Funai) determinou o afastamento tempor\u00e1rio de Lucia Fernanda J\u00f3fej Kaing\u00e1ng, diretora do Museu Nacional dos Povos Ind\u00edgenas, para participar de um evento nos Estados Unidos focado no uso de subst\u00e2ncias psicod\u00e9licas. A presidente da Funai, Joenia Wapichana, oficializou a decis\u00e3o no Di\u00e1rio Oficial da Uni\u00e3o (DOU) na \u00faltima quarta-feira, [&hellip;]<\/p>\n","protected":false},"author":5,"featured_media":9082,"comment_status":"open","ping_status":"open","sticky":false,"template":"","format":"standard","meta":{"_seopress_robots_primary_cat":"","_seopress_titles_title":"","_seopress_titles_desc":"","_seopress_robots_index":"","footnotes":""},"categories":[47,1],"tags":[],"class_list":["post-9081","post","type-post","status-publish","format-standard","has-post-thumbnail","hentry","category-politica","category-ultimas-noticias"],"_links":{"self":[{"href":"https:\/\/mussicom.com\/noticias\/wp-json\/wp\/v2\/posts\/9081","targetHints":{"allow":["GET"]}}],"collection":[{"href":"https:\/\/mussicom.com\/noticias\/wp-json\/wp\/v2\/posts"}],"about":[{"href":"https:\/\/mussicom.com\/noticias\/wp-json\/wp\/v2\/types\/post"}],"author":[{"embeddable":true,"href":"https:\/\/mussicom.com\/noticias\/wp-json\/wp\/v2\/users\/5"}],"replies":[{"embeddable":true,"href":"https:\/\/mussicom.com\/noticias\/wp-json\/wp\/v2\/comments?post=9081"}],"version-history":[{"count":0,"href":"https:\/\/mussicom.com\/noticias\/wp-json\/wp\/v2\/posts\/9081\/revisions"}],"wp:featuredmedia":[{"embeddable":true,"href":"https:\/\/mussicom.com\/noticias\/wp-json\/wp\/v2\/media\/9082"}],"wp:attachment":[{"href":"https:\/\/mussicom.com\/noticias\/wp-json\/wp\/v2\/media?parent=9081"}],"wp:term":[{"taxonomy":"category","embeddable":true,"href":"https:\/\/mussicom.com\/noticias\/wp-json\/wp\/v2\/categories?post=9081"},{"taxonomy":"post_tag","embeddable":true,"href":"https:\/\/mussicom.com\/noticias\/wp-json\/wp\/v2\/tags?post=9081"}],"curies":[{"name":"wp","href":"https:\/\/api.w.org\/{rel}","templated":true}]}}