{"id":9069,"date":"2025-03-30T18:28:13","date_gmt":"2025-03-30T21:28:13","guid":{"rendered":"https:\/\/mussicom.com\/moraes-contamina-o-brasil-com-a-banalidade-do-mal\/"},"modified":"2025-03-30T18:28:13","modified_gmt":"2025-03-30T21:28:13","slug":"moraes-contamina-o-brasil-com-a-banalidade-do-mal","status":"publish","type":"post","link":"https:\/\/mussicom.com\/noticias\/moraes-contamina-o-brasil-com-a-banalidade-do-mal\/","title":{"rendered":"Moraes contamina o Brasil com a banalidade do mal"},"content":{"rendered":"<p> <br \/>\n<\/p>\n<div id=\"hd80s9wa1h892edh8192\">\n<h2 class=\"wp-block-heading\"><em>(J. R. Guzzo, publicado no jornal O Estado de S. Paulo em 29 de mar\u00e7o de 2025)<\/em><\/h2>\n<p>O ministro Alexandre de Moraes est\u00e1 contaminando o <strong>Brasil<\/strong> com uma doen\u00e7a secreta, contagiosa e perversa \u2014 a banalidade do mal. \u00c9 o processo de fal\u00eancia generalizada dos \u00f3rg\u00e3os que regulam a moral humana, e que acaba levando as pessoas a aceitarem passivamente, como um fato normal da vida, crimes cometidos coletivamente, nas alturas \u00e0s quais s\u00f3 t\u00eam acesso as autoridades p\u00fablicas.<\/p>\n<p><strong>+ Leia mais not\u00edcias de Pol\u00edtica em Oeste<\/strong><\/p>\n<p>O cidad\u00e3o comum que \u00e9 pai de fam\u00edlia, cumpridor dos seus deveres e temente a Deus jamais concordaria com atos de malignidade visceral, pois sabe distinguir o certo do errado. Mas quando esse tipo de selvageria \u00e9 praticado pelos que operam as institui\u00e7\u00f5es, o homem de bem baixa a cabe\u00e7a; se eles fazem, deve estar certo.<\/p>\n<h2 class=\"wp-block-heading has-text-align-center\"><em>\u201cTeria o Brasil, realmente, entrado nesse transtorno patol\u00f3gico, e seria o ministro Moraes, mesmo, o pat\u00f3geno central dessa praga? Sim e sim\u201d<\/em> <em>(J. R. Guzzo)<\/em><\/h2>\n<p>O cen\u00e1rio cl\u00e1ssico da banalidade do mal \u00e9 a <strong>Alemanha nazista<\/strong>, onde tantos alem\u00e3es de comportamento pessoal impec\u00e1vel, honestos, bem-educados e incapazes de violar a lei silenciaram diante dos campos de concentra\u00e7\u00e3o e dos fornos cremat\u00f3rios para judeus. Jamais, como indiv\u00edduos, cometeriam essas atrocidades. Mas coletivamente aceitaram a selvageria. Recusaram-se a fazer perguntas. Ao fim tornaram-se c\u00famplices dos carrascos e dos seus crimes. O inaceit\u00e1vel passou a ser aceito. A maldade ficou banal.<\/p>\n<p>Teria o Brasil, realmente, entrado nesse transtorno patol\u00f3gico, e seria o ministro Moraes, mesmo, o pat\u00f3geno central dessa praga? Sim e sim. A viol\u00eancia f\u00edsica e a quantidade de crimes do regime nazista, sem d\u00favida, foram infinitamente maiores. Mas e da\u00ed? N\u00e3o h\u00e1 uma \u201cdosimetria\u201d para a inf\u00e2mia; a abje\u00e7\u00e3o n\u00e3o se torna menor porque foi praticada apenas at\u00e9 aqui, e n\u00e3o at\u00e9 ali \u2014 da mesma forma que a tortura n\u00e3o se torna mais aceit\u00e1vel porque ficou s\u00f3 no choque-el\u00e9trico. Para o regime STF-Lula, na verdade, \u00e9 melhor nem mexer com compara\u00e7\u00f5es.<\/p>\n<figure class=\"wp-block-image aligncenter size-full\"><picture><source data-srcset=\"https:\/\/medias.revistaoeste.com\/wp-content\/uploads\/2025\/03\/moraes-3.jpg.webp 1335w, https:\/\/medias.revistaoeste.com\/wp-content\/uploads\/2025\/03\/moraes-3-300x232.jpg.webp 300w, https:\/\/medias.revistaoeste.com\/wp-content\/uploads\/2025\/03\/moraes-3-150x116.jpg.webp 150w\" data-sizes=\"(max-width: 1335px) 100vw, 1335px\" type=\"image\/webp\"><img fetchpriority=\"high\" decoding=\"async\" width=\"1335\" height=\"1032\" src=\"https:\/\/medias.revistaoeste.com\/wp-content\/uploads\/2025\/03\/moraes-3.jpg\" alt=\"moraes bolsonaro\" class=\"wp-image-1935047\" srcset=\"https:\/\/medias.revistaoeste.com\/wp-content\/uploads\/2025\/03\/moraes-3.jpg 1335w, https:\/\/medias.revistaoeste.com\/wp-content\/uploads\/2025\/03\/moraes-3-300x232.jpg 300w, https:\/\/medias.revistaoeste.com\/wp-content\/uploads\/2025\/03\/moraes-3-150x116.jpg 150w\" sizes=\"(max-width: 1335px) 100vw, 1335px\" data-eio=\"p\"\/><\/source><\/picture><figcaption class=\"wp-element-caption\">O ministro Alexandre de Moraes, do Supremo Tribunal Federal, votou para condenar a cabeleireira D\u00e9bora Rodrigues dos Santos a 14 anos de pris\u00e3o | Foto: Fellipe Sampaio \/STF<\/figcaption><\/figure>\n<p>A ditadura militar de 1964, por exemplo, praticou ativamente o mal \u2014 mas nunca, em nenhum momento, achou que deveria se vangloriar de seus crimes em pra\u00e7a p\u00fablica. No Brasil de hoje, ao contr\u00e1rio, Moraes se exibe como um marechal-de-campo na guerra contra a \u201cextrema direita\u201d e a favor da \u201cdemocracia\u201d. Orgulha-se, por exemplo, do que est\u00e1 fazendo com a cabelereira Debora Rodrigues dos Santos, a quem condenou a 14 anos de cadeia por pichar com seu batom uma est\u00e1tua da Justi\u00e7a em Bras\u00edlia, na baderna do 8 de janeiro.<\/p>\n<p>N\u00e3o se conhece nenhum ato de crueldade equivalente a esse na Hist\u00f3ria do Judici\u00e1rio no Brasil. <strong>Ainda que Debora tenha sido beneficiada com a pris\u00e3o domiciliar<\/strong>, \u00e9 especialmente pat\u00e9tico que algu\u00e9m seja punido com a pena que lhe foi dada, pelo que ela fez. \u00c9 a tara que se torna normal.<\/p>\n<figure class=\"wp-block-embed is-type-video is-provider-youtube wp-block-embed-youtube wp-embed-aspect-16-9 wp-has-aspect-ratio\">\n<div class=\"wp-block-embed__wrapper\">\n<div class=\"perfmatters-lazy-youtube\" data-src=\"https:\/\/www.youtube.com\/embed\/WfrhGTNV1ys\" data-id=\"WfrhGTNV1ys\" data-query=\"feature=oembed\" onclick=\"perfmattersLazyLoadYouTube(this);\">\n<div><img decoding=\"async\" alt=\"YouTube video\" width=\"480\" height=\"360\" data-pin-nopin=\"true\" nopin=\"nopin\" class=\"perfmatters-lazy\" src=\"https:\/\/i.ytimg.com\/vi\/WfrhGTNV1ys\/hqdefault.jpg\"\/><img decoding=\"async\" src=\"https:\/\/i.ytimg.com\/vi\/WfrhGTNV1ys\/hqdefault.jpg\" alt=\"YouTube video\" width=\"480\" height=\"360\" data-pin-nopin=\"true\" nopin=\"nopin\"\/><\/div>\n<\/div>\n<p><noscript><iframe title=\"Moraes debocha da cabeleireira D\u00e9bora dos Santos: &#039;Passando um batonzinho na est\u00e1tua&#039;\" width=\"800\" height=\"450\" src=\"https:\/\/www.youtube.com\/embed\/WfrhGTNV1ys?feature=oembed\" frameborder=\"0\" allow=\"accelerometer; autoplay; clipboard-write; encrypted-media; gyroscope; picture-in-picture; web-share\" referrerpolicy=\"strict-origin-when-cross-origin\" allowfullscreen><\/iframe><\/noscript>\n<\/div>\n<\/figure>\n<p><related-posts class=\"border-y border-gray-300 py-5\"><\/p>\n<h2 class=\"!text-2xl text-black font-primary font-semibold leading-none mb-3\">\n    Leia os artigos mais recentes de J. R. Guzzo na Revista Oeste<br \/>\n  <\/h2>\n<p><\/related-posts><\/p><\/div>\n<p><br \/>\n<br \/>Fonte: <a href=\"https:\/\/www.revistaoeste.com\/politica\/moraes-contamina-o-brasil-com-a-banalidade-do-mal\/\">Ag\u00eancia Brasil<\/a><\/p>\n","protected":false},"excerpt":{"rendered":"<p>(J. R. Guzzo, publicado no jornal O Estado de S. Paulo em 29 de mar\u00e7o de 2025) O ministro Alexandre de Moraes est\u00e1 contaminando o Brasil com uma doen\u00e7a secreta, contagiosa e perversa \u2014 a banalidade do mal. \u00c9 o processo de fal\u00eancia generalizada dos \u00f3rg\u00e3os que regulam a moral humana, e que acaba levando [&hellip;]<\/p>\n","protected":false},"author":5,"featured_media":9070,"comment_status":"open","ping_status":"open","sticky":false,"template":"","format":"standard","meta":{"_seopress_robots_primary_cat":"","_seopress_titles_title":"","_seopress_titles_desc":"","_seopress_robots_index":"","footnotes":""},"categories":[47,1],"tags":[],"class_list":["post-9069","post","type-post","status-publish","format-standard","has-post-thumbnail","hentry","category-politica","category-ultimas-noticias"],"_links":{"self":[{"href":"https:\/\/mussicom.com\/noticias\/wp-json\/wp\/v2\/posts\/9069","targetHints":{"allow":["GET"]}}],"collection":[{"href":"https:\/\/mussicom.com\/noticias\/wp-json\/wp\/v2\/posts"}],"about":[{"href":"https:\/\/mussicom.com\/noticias\/wp-json\/wp\/v2\/types\/post"}],"author":[{"embeddable":true,"href":"https:\/\/mussicom.com\/noticias\/wp-json\/wp\/v2\/users\/5"}],"replies":[{"embeddable":true,"href":"https:\/\/mussicom.com\/noticias\/wp-json\/wp\/v2\/comments?post=9069"}],"version-history":[{"count":0,"href":"https:\/\/mussicom.com\/noticias\/wp-json\/wp\/v2\/posts\/9069\/revisions"}],"wp:featuredmedia":[{"embeddable":true,"href":"https:\/\/mussicom.com\/noticias\/wp-json\/wp\/v2\/media\/9070"}],"wp:attachment":[{"href":"https:\/\/mussicom.com\/noticias\/wp-json\/wp\/v2\/media?parent=9069"}],"wp:term":[{"taxonomy":"category","embeddable":true,"href":"https:\/\/mussicom.com\/noticias\/wp-json\/wp\/v2\/categories?post=9069"},{"taxonomy":"post_tag","embeddable":true,"href":"https:\/\/mussicom.com\/noticias\/wp-json\/wp\/v2\/tags?post=9069"}],"curies":[{"name":"wp","href":"https:\/\/api.w.org\/{rel}","templated":true}]}}