{"id":9048,"date":"2025-03-30T15:40:36","date_gmt":"2025-03-30T18:40:36","guid":{"rendered":"https:\/\/www.mussicom.com\/em-recuperacao-judicial-oi-vai-vender-redes-de-cobre-como-sucata\/"},"modified":"2025-03-30T15:40:36","modified_gmt":"2025-03-30T18:40:36","slug":"em-recuperacao-judicial-oi-vai-vender-redes-de-cobre-como-sucata","status":"publish","type":"post","link":"https:\/\/mussicom.com\/noticias\/em-recuperacao-judicial-oi-vai-vender-redes-de-cobre-como-sucata\/","title":{"rendered":"Em recupera\u00e7\u00e3o judicial, Oi vai vender redes de cobre como sucata"},"content":{"rendered":"<p> <br \/>\n<\/p>\n<div id=\"hd80s9wa1h892edh8192\">\n<p>Depois de vender uma s\u00e9rie de neg\u00f3cios, a Oi, em recupera\u00e7\u00e3o judicial pela segunda vez, come\u00e7ou a desmobilizar um dos seus \u00faltimos ativos, que tamb\u00e9m \u00e9 um dos mais simb\u00f3licos. As redes de cobres que, por d\u00e9cadas, serviram para o funcionamento da telefonia fixa no pa\u00eds. Agora isso vai virar sucata.<\/p>\n<p>A desmobiliza\u00e7\u00e3o das redes da operadora \u00e9 um desdobramento do processo que culminou na mudan\u00e7a no regime de presta\u00e7\u00e3o do servi\u00e7o de telefonia fixa. A concess\u00e3o, assinada em 1998, passou a ser uma autoriza\u00e7\u00e3o, conforme aval concedido pela <strong>Ag\u00eancia Nacional de Telecomunica\u00e7\u00f5es<\/strong>. Na pr\u00e1tica, isso permitiu \u00e0 Oi come\u00e7ar a desligar boa parte das redes obsoletas e economizar com a manuten\u00e7\u00e3o de um servi\u00e7o que vinha gerando preju\u00edzo.<\/p>\n<p>Em seu plano de recupera\u00e7\u00e3o, a Oi tem o compromisso de vender todo o cobre das redes subterr\u00e2neas para a V.tal, empresa de telecomunica\u00e7\u00f5es pertencente a fundos do BTG Pactual. J\u00e1 a rede a\u00e9rea, pendurada em postes, permanecer\u00e1 com a Oi, que far\u00e1 a venda na medida em que extrair os cabos.<\/p>\n<p><strong>+ Leia mais not\u00edcias de Economia em Oeste<\/strong><\/p>\n<p>\u201cA Oi ter\u00e1 um resultado positivo com a venda do cobre como sucata, afirmou o presidente da companhia, Marcelo Milliet, durante teleconfer\u00eancia com investidores e analistas realizada na \u00faltima quinta-feira, 27. \u201cBem como via redu\u00e7\u00e3o de despesas pela manuten\u00e7\u00e3o das redes.\u201d<\/p>\n<p>Milliet, que est\u00e1 no cargo desde dezembro, n\u00e3o soube precisar quanto a companhia deve extrair de cobre e quanto pode embolsar com a venda. Um dos problemas \u00e9 o custo elevado de extra\u00e7\u00e3o das redes, que est\u00e3o espalhadas pelo <strong>Brasil<\/strong>. \u201cN\u00e3o h\u00e1 como precisar exatamente qual o valor do ativo neste momento.\u201d<\/p>\n<blockquote class=\"wp-block-quote is-layout-flow wp-block-quote-is-layout-flow\">\n<p>A teleconfer\u00eancia foi marcada por v\u00e1rias incertezas sobre as pr\u00f3ximas etapas da recupera\u00e7\u00e3o judicial da empresa. A maior delas \u00e9 o rumo da arbitragem, em que a empresa cobra da Uni\u00e3o uma compensa\u00e7\u00e3o de mais de R$ 50 bilh\u00f5es por preju\u00edzos sofridos com a manuten\u00e7\u00e3o da telefonia fixa. Milliet disse que n\u00e3o h\u00e1 estimativa de prazo para o desfecho do processo, embora espere uma decis\u00e3o parcial ainda este ano.<\/p>\n<\/blockquote>\n<p>Outra fonte de caixa prevista no plano de recupera\u00e7\u00e3o \u00e9 a venda de im\u00f3veis que antes eram usados na opera\u00e7\u00e3o de telefonia fixa, mas que ficaram ociosos. Ao todo, s\u00e3o quase 7 mil unidades em centenas de localidades do pa\u00eds. No entanto, Milliet disse que n\u00e3o \u00e9 poss\u00edvel precisar o valor geral de vendas esperado, pois o perfil dos im\u00f3veis \u00e9 variado. H\u00e1 desde edifica\u00e7\u00f5es em \u00e1reas nobres em grandes centros, at\u00e9 terrenos rurais.<\/p>\n<h2 class=\"wp-block-heading\">Nova Oi<\/h2>\n<figure class=\"wp-block-image aligncenter size-full\"><picture><source data-srcset=\"https:\/\/medias.revistaoeste.com\/wp-content\/uploads\/2023\/10\/uso_de_smartphone_e_celular050720211244.jpg.webp 1024w, https:\/\/medias.revistaoeste.com\/wp-content\/uploads\/2023\/10\/uso_de_smartphone_e_celular050720211244-300x225.jpg.webp 300w\" data-sizes=\"(max-width: 1024px) 100vw, 1024px\" type=\"image\/webp\"><img fetchpriority=\"high\" decoding=\"async\" width=\"1024\" height=\"768\" src=\"https:\/\/medias.revistaoeste.com\/wp-content\/uploads\/2023\/10\/uso_de_smartphone_e_celular050720211244.jpg\" alt=\"Bradesco aplicativo erro - empresa escutar celular\" class=\"wp-image-1111975\" srcset=\"https:\/\/medias.revistaoeste.com\/wp-content\/uploads\/2023\/10\/uso_de_smartphone_e_celular050720211244.jpg 1024w, https:\/\/medias.revistaoeste.com\/wp-content\/uploads\/2023\/10\/uso_de_smartphone_e_celular050720211244-300x225.jpg 300w\" sizes=\"(max-width: 1024px) 100vw, 1024px\" data-eio=\"p\"\/><\/source><\/picture><figcaption class=\"wp-element-caption\">Este ano, a Oi vendeu sua opera\u00e7\u00e3o de banda larga e de TV por assinatura. Em 2022, se desfez do neg\u00f3cio de internet m\u00f3vel | Foto: T\u00e2nia R\u00eago\/Ag\u00eancia Brasil<\/figcaption><\/figure>\n<p>A Oi Solu\u00e7\u00f5es, bra\u00e7o de neg\u00f3cios para oferta de tecnologia da informa\u00e7\u00e3o e conectividade a empresas, ser\u00e1 a principal via de crescimento do grupo depois da venda de ativos j\u00e1 realizada no \u00e2mbito da recupera\u00e7\u00e3o judicial. O segmento, contudo, passa por uma queda no faturamento em fun\u00e7\u00e3o da menor demanda por servi\u00e7os prestados via redes de cobre e migra\u00e7\u00e3o para fibra \u00f3tica. Em paralelo, a companhia busca priorizar os servi\u00e7os com margem maior.<\/p>\n<p><related-posts class=\"border-y border-gray-300 py-5\"><\/p>\n<h2 class=\"!text-2xl text-black font-primary font-semibold leading-none mb-3\">\n    Leia mais:<br \/>\n  <\/h2>\n<p><\/related-posts><\/p>\n<p>Este ano, a Oi vendeu sua opera\u00e7\u00e3o de banda larga e de TV por assinatura. Em 2022, se desfez do neg\u00f3cio de internet m\u00f3vel. A empresa ainda mant\u00e9m as subsidi\u00e1rias Serede, Tahto e Oi Services, de opera\u00e7\u00f5es de campo, <em>call center<\/em> e <em>BPO<\/em> (sigla em ingl\u00eas para terceiriza\u00e7\u00e3o de processos de neg\u00f3cios).<\/p>\n<blockquote class=\"wp-block-quote is-layout-flow wp-block-quote-is-layout-flow\">\n<p>\u201cA Nova Oi tem o objetivo de ser uma empresa mais leve e eficiente\u201d, disse Milliet. \u201cAs subsidi\u00e1rias t\u00eam grande potencial de crescimento e gera\u00e7\u00e3o de valor.\u201d<\/p>\n<\/blockquote>\n<p>A Oi apresentou lucro l\u00edquido de R$ 9,6 bilh\u00f5es em 2024, revertendo o preju\u00edzo de R$ 5,4 bilh\u00f5es de 2023. No entanto, esse lucro foi resultado da aprova\u00e7\u00e3o do plano de recupera\u00e7\u00e3o, em abril, quando a empresa conseguiu convencer credores a abater sua d\u00edvida em cerca de 70% via descontos, parcelamento e convers\u00e3o de valores em a\u00e7\u00f5es. Na ocasi\u00e3o, isso gerou um ganho de R$ 14,7 bilh\u00f5es de ordem cont\u00e1bil (sem efeito no caixa) da empresa.<\/p>\n<p>O lucro operacional ficou negativo em R$ 1,5 bilh\u00e3o em 2024, ante dado positivo de R$ 568 milh\u00f5es em 2023 A receita l\u00edquida chegou a R$ 8,3 bilh\u00f5es em 2024, queda de 14,2%. J\u00e1 a receita da chamada Nova Oi (que abrange Oi Solu\u00e7\u00f5es, subsidi\u00e1rias e servi\u00e7os legados) foi de R$ 3,1 bilh\u00f5es, baixa de 26% na compara\u00e7\u00e3o anual.<\/p>\n<figure class=\"wp-block-embed is-type-video is-provider-youtube wp-block-embed-youtube wp-embed-aspect-16-9 wp-has-aspect-ratio\">\n<div class=\"wp-block-embed__wrapper\">\n<div class=\"perfmatters-lazy-youtube\" data-src=\"https:\/\/www.youtube.com\/embed\/MDNS3vkEbJM\" data-id=\"MDNS3vkEbJM\" data-query=\"feature=oembed\" onclick=\"perfmattersLazyLoadYouTube(this);\">\n<div><img decoding=\"async\" alt=\"YouTube video\" width=\"480\" height=\"360\" data-pin-nopin=\"true\" nopin=\"nopin\" class=\"perfmatters-lazy\" src=\"https:\/\/i.ytimg.com\/vi\/MDNS3vkEbJM\/hqdefault.jpg\"\/><img decoding=\"async\" src=\"https:\/\/i.ytimg.com\/vi\/MDNS3vkEbJM\/hqdefault.jpg\" alt=\"YouTube video\" width=\"480\" height=\"360\" data-pin-nopin=\"true\" nopin=\"nopin\"\/><\/div>\n<\/div>\n<p><noscript><iframe title=\"Anatel autoriza opera\u00e7\u00e3o de concorrente africana da Starlink no Brasil\" width=\"800\" height=\"450\" src=\"https:\/\/www.youtube.com\/embed\/MDNS3vkEbJM?feature=oembed\" frameborder=\"0\" allow=\"accelerometer; autoplay; clipboard-write; encrypted-media; gyroscope; picture-in-picture; web-share\" referrerpolicy=\"strict-origin-when-cross-origin\" allowfullscreen><\/iframe><\/noscript>\n<\/div>\n<\/figure>\n<p><strong>Leia tamb\u00e9m: \u201cViciados em celular\u201d, reportagem de Dagomir Marquezi publicada na Edi\u00e7\u00e3o 210 da Revista Oeste<\/strong><\/p>\n<hr class=\"wp-block-separator has-alpha-channel-opacity\"\/>\n<p>Revista <strong>Oeste<\/strong>, <em>com informa\u00e7\u00f5es da <\/em>Ag\u00eancia Estado<\/p>\n<\/p><\/div>\n<p><br \/>\n<br \/>Fonte: <a href=\"https:\/\/revistaoeste.com\/economia\/em-recuperacao-judicial-oi-vai-vender-redes-de-cobre-como-sucata\/\">Revista oeste<\/a><\/p>\n","protected":false},"excerpt":{"rendered":"<p>Depois de vender uma s\u00e9rie de neg\u00f3cios, a Oi, em recupera\u00e7\u00e3o judicial pela segunda vez, come\u00e7ou a desmobilizar um dos seus \u00faltimos ativos, que tamb\u00e9m \u00e9 um dos mais simb\u00f3licos. As redes de cobres que, por d\u00e9cadas, serviram para o funcionamento da telefonia fixa no pa\u00eds. Agora isso vai virar sucata. A desmobiliza\u00e7\u00e3o das redes [&hellip;]<\/p>\n","protected":false},"author":5,"featured_media":9049,"comment_status":"open","ping_status":"open","sticky":false,"template":"","format":"standard","meta":{"_seopress_robots_primary_cat":"","_seopress_titles_title":"","_seopress_titles_desc":"","_seopress_robots_index":"","footnotes":""},"categories":[45],"tags":[],"class_list":["post-9048","post","type-post","status-publish","format-standard","has-post-thumbnail","hentry","category-economia"],"_links":{"self":[{"href":"https:\/\/mussicom.com\/noticias\/wp-json\/wp\/v2\/posts\/9048","targetHints":{"allow":["GET"]}}],"collection":[{"href":"https:\/\/mussicom.com\/noticias\/wp-json\/wp\/v2\/posts"}],"about":[{"href":"https:\/\/mussicom.com\/noticias\/wp-json\/wp\/v2\/types\/post"}],"author":[{"embeddable":true,"href":"https:\/\/mussicom.com\/noticias\/wp-json\/wp\/v2\/users\/5"}],"replies":[{"embeddable":true,"href":"https:\/\/mussicom.com\/noticias\/wp-json\/wp\/v2\/comments?post=9048"}],"version-history":[{"count":0,"href":"https:\/\/mussicom.com\/noticias\/wp-json\/wp\/v2\/posts\/9048\/revisions"}],"wp:featuredmedia":[{"embeddable":true,"href":"https:\/\/mussicom.com\/noticias\/wp-json\/wp\/v2\/media\/9049"}],"wp:attachment":[{"href":"https:\/\/mussicom.com\/noticias\/wp-json\/wp\/v2\/media?parent=9048"}],"wp:term":[{"taxonomy":"category","embeddable":true,"href":"https:\/\/mussicom.com\/noticias\/wp-json\/wp\/v2\/categories?post=9048"},{"taxonomy":"post_tag","embeddable":true,"href":"https:\/\/mussicom.com\/noticias\/wp-json\/wp\/v2\/tags?post=9048"}],"curies":[{"name":"wp","href":"https:\/\/api.w.org\/{rel}","templated":true}]}}