{"id":9034,"date":"2025-03-30T14:40:02","date_gmt":"2025-03-30T17:40:02","guid":{"rendered":"https:\/\/mussicom.com\/atividade-economica-sobe-65-em-janeiro\/"},"modified":"2025-03-30T14:40:02","modified_gmt":"2025-03-30T17:40:02","slug":"atividade-economica-sobe-65-em-janeiro","status":"publish","type":"post","link":"https:\/\/mussicom.com\/noticias\/atividade-economica-sobe-65-em-janeiro\/","title":{"rendered":"atividade econ\u00f4mica sobe 6,5% em janeiro"},"content":{"rendered":"<p> <br \/>\n<\/p>\n<div id=\"hd80s9wa1h892edh8192\">\n<p>A economia da Argentina cresceu 6,5% em janeiro na compara\u00e7\u00e3o anual. Este \u00e9 o maior avan\u00e7o desde meados de 2022, de acordo com dados oficiais divulgados na quinta-feira 27. <\/p>\n<p>Foi o terceiro m\u00eas consecutivo de crescimento, acima da expans\u00e3o revisada de 6% em dezembro e da previs\u00e3o de 4,7% de analistas. As informa\u00e7\u00f5es s\u00e3o da ag\u00eancia Reuters. <\/p>\n<p><strong>Leia mais: \u201cPor corrup\u00e7\u00e3o, Cristina Kirchner est\u00e1 proibida de entrar nos EUA\u201d<\/strong><\/p>\n<p>O crescimento do indicador do Produto Interno Bruto (PIB) foi impactado pelas vendas no varejo (+11,3%), seguida por intermedia\u00e7\u00e3o financeira (+25,7%) e ind\u00fastria manufatureira (+6%), de acordo com o Instituto Nacional de Estat\u00edsticas e Censos (Indec).<\/p>\n<h2 class=\"wp-block-heading\"><strong>Rea\u00e7\u00e3o econ\u00f4mica da Argentina<\/strong><\/h2>\n<p>A economia argentina tem mostrado sinais de recupera\u00e7\u00e3o depois de um per\u00edodo de retra\u00e7\u00e3o causado pelas medidas de austeridade do presidente <strong>Javier Milei<\/strong>.<\/p>\n<figure class=\"wp-block-embed is-type-video is-provider-youtube wp-block-embed-youtube wp-embed-aspect-16-9 wp-has-aspect-ratio\">\n<div class=\"wp-block-embed__wrapper\">\n<div class=\"perfmatters-lazy-youtube\" data-src=\"https:\/\/www.youtube.com\/embed\/tLbvAra4IYM\" data-id=\"tLbvAra4IYM\" data-query=\"feature=oembed\" onclick=\"perfmattersLazyLoadYouTube(this);\">\n<div><img fetchpriority=\"high\" decoding=\"async\" src=\"https:\/\/i.ytimg.com\/vi\/tLbvAra4IYM\/hqdefault.jpg\" alt=\"YouTube video\" width=\"480\" height=\"360\" data-pin-nopin=\"true\" nopin=\"nopin\"\/><\/div>\n<\/div>\n<p><noscript><iframe title=\"&#039;N\u00e3o lembro de momento econ\u00f4mico t\u00e3o bom&#039;, afirma Tebet ao cons\u00f3rcio\" width=\"800\" height=\"450\" src=\"https:\/\/www.youtube.com\/embed\/tLbvAra4IYM?feature=oembed\" frameborder=\"0\" allow=\"accelerometer; autoplay; clipboard-write; encrypted-media; gyroscope; picture-in-picture; web-share\" referrerpolicy=\"strict-origin-when-cross-origin\" allowfullscreen><\/iframe><\/noscript>\n<\/div>\n<\/figure>\n<p>O presidente cortou gastos com programas sociais, reduziu a quantidade de ministros em seu gabinete e buscou se desfazer de estatais. A <strong>infla\u00e7\u00e3o<\/strong> do pa\u00eds recuou e tamb\u00e9m houve uma diminui\u00e7\u00e3o da disparidade entre os c\u00e2mbios oficial e o do mercado paralelo.<\/p>\n<p><strong>+ Leia mais not\u00edcias de Economia em Oeste<\/strong><\/p>\n<p>Em termos mensais, a atividade econ\u00f4mica cresceu 0,6% em janeiro, a quarta alta seguida, embora com leve desacelera\u00e7\u00e3o em rela\u00e7\u00e3o ao crescimento revisado de 0,8% registrado em dezembro.<\/p>\n<p><related-posts class=\"border-y border-gray-300 py-5\"><\/p>\n<h2 class=\"!text-2xl text-black font-primary font-semibold leading-none mb-3\">\n    Leia tamb\u00e9m:<br \/>\n  <\/h2>\n<p><\/related-posts><\/p><\/div>\n<p><br \/>\n<br \/>Fonte: <a href=\"https:\/\/revistaoeste.com\/economia\/atividade-economica-da-argentina-sobe-65-em-janeiro-maior-crescimento-desde-2022\/\">Revista oeste<\/a><\/p>\n","protected":false},"excerpt":{"rendered":"<p>A economia da Argentina cresceu 6,5% em janeiro na compara\u00e7\u00e3o anual. Este \u00e9 o maior avan\u00e7o desde meados de 2022, de acordo com dados oficiais divulgados na quinta-feira 27. Foi o terceiro m\u00eas consecutivo de crescimento, acima da expans\u00e3o revisada de 6% em dezembro e da previs\u00e3o de 4,7% de analistas. As informa\u00e7\u00f5es s\u00e3o da [&hellip;]<\/p>\n","protected":false},"author":5,"featured_media":9035,"comment_status":"open","ping_status":"open","sticky":false,"template":"","format":"standard","meta":{"_seopress_robots_primary_cat":"","_seopress_titles_title":"","_seopress_titles_desc":"","_seopress_robots_index":"","footnotes":""},"categories":[45],"tags":[],"class_list":["post-9034","post","type-post","status-publish","format-standard","has-post-thumbnail","hentry","category-economia"],"_links":{"self":[{"href":"https:\/\/mussicom.com\/noticias\/wp-json\/wp\/v2\/posts\/9034","targetHints":{"allow":["GET"]}}],"collection":[{"href":"https:\/\/mussicom.com\/noticias\/wp-json\/wp\/v2\/posts"}],"about":[{"href":"https:\/\/mussicom.com\/noticias\/wp-json\/wp\/v2\/types\/post"}],"author":[{"embeddable":true,"href":"https:\/\/mussicom.com\/noticias\/wp-json\/wp\/v2\/users\/5"}],"replies":[{"embeddable":true,"href":"https:\/\/mussicom.com\/noticias\/wp-json\/wp\/v2\/comments?post=9034"}],"version-history":[{"count":0,"href":"https:\/\/mussicom.com\/noticias\/wp-json\/wp\/v2\/posts\/9034\/revisions"}],"wp:featuredmedia":[{"embeddable":true,"href":"https:\/\/mussicom.com\/noticias\/wp-json\/wp\/v2\/media\/9035"}],"wp:attachment":[{"href":"https:\/\/mussicom.com\/noticias\/wp-json\/wp\/v2\/media?parent=9034"}],"wp:term":[{"taxonomy":"category","embeddable":true,"href":"https:\/\/mussicom.com\/noticias\/wp-json\/wp\/v2\/categories?post=9034"},{"taxonomy":"post_tag","embeddable":true,"href":"https:\/\/mussicom.com\/noticias\/wp-json\/wp\/v2\/tags?post=9034"}],"curies":[{"name":"wp","href":"https:\/\/api.w.org\/{rel}","templated":true}]}}