{"id":9028,"date":"2025-03-30T14:23:35","date_gmt":"2025-03-30T17:23:35","guid":{"rendered":"https:\/\/mussicom.com\/?p=9028"},"modified":"2025-03-30T14:23:35","modified_gmt":"2025-03-30T17:23:35","slug":"frente-fria-promete-chuva-e-temperaturas-mais-baixas-no-litoral-de-sp-na-primeira-semana-de-abril","status":"publish","type":"post","link":"https:\/\/mussicom.com\/noticias\/frente-fria-promete-chuva-e-temperaturas-mais-baixas-no-litoral-de-sp-na-primeira-semana-de-abril\/","title":{"rendered":"Frente Fria Promete Chuva e Temperaturas Mais Baixas no Litoral de SP na Primeira Semana de Abril"},"content":{"rendered":"\n<p class=\"p1\">A t\u00e3o aguardada queda nas temperaturas finalmente est\u00e1 a caminho! Uma frente fria, com potencial para temporais e ventos fortes, promete aliviar o calor intenso que vem predominando no litoral de S\u00e3o Paulo. A mudan\u00e7a no clima deve ocorrer no final da tarde de quinta-feira, 3 de abril, segundo previs\u00f5es do The Weather Channel, Climatempo e Instituto Nacional de Meteorologia (Inmet).<\/p>\n\n\n\n<p class=\"p1\">A aproxima\u00e7\u00e3o dessa frente fria quase dupla (com uma massa de ar frio sucedendo a outra) deve causar uma virada brusca no tempo, com queda nas temperaturas e sensa\u00e7\u00e3o de friozinho nos pr\u00f3ximos dias.<\/p>\n\n\n\n<p class=\"p1\">Confira a previs\u00e3o do tempo para o litoral de SP na primeira semana de abril:<\/p>\n\n\n\n<p class=\"p3\">\u2022 Segunda-feira (1\u00ba\/04):<\/p>\n\n\n\n<p class=\"p1\">O sol predomina durante todo o dia, com poucas nuvens e sem previs\u00e3o de chuva. As m\u00e1ximas chegam a 30\u00b0C, mas a sensa\u00e7\u00e3o t\u00e9rmica pode ser ainda mais alta.<\/p>\n\n\n\n<p class=\"p3\">\u2022 Ter\u00e7a-feira (2\/04):<\/p>\n\n\n\n<p class=\"p1\">Dia ensolarado e abafado, com poucas nuvens. As temperaturas sobem e alcan\u00e7am os 33\u00b0C, enquanto a sensa\u00e7\u00e3o t\u00e9rmica pode chegar a 35\u00b0C.<\/p>\n\n\n\n<p class=\"p3\">\u2022 Quarta-feira (3\/04):<\/p>\n\n\n\n<p class=\"p1\">O tempo continua quente e abafado, com m\u00e1xima de 32\u00b0C e sensa\u00e7\u00e3o de 34\u00b0C. Ainda n\u00e3o h\u00e1 previs\u00e3o de chuva.<\/p>\n\n\n\n<p class=\"p3\">\u2022 Quinta-feira (4\/04):<\/p>\n\n\n\n<p class=\"p1\">A manh\u00e3 come\u00e7a muito abafada, com temperaturas chegando a 34\u00b0C e sensa\u00e7\u00e3o t\u00e9rmica de at\u00e9 36\u00b0C. No final da tarde, a chegada da frente fria traz risco de temporais, ventos fortes e raios.<\/p>\n\n\n\n<p class=\"p3\">\u2022 Sexta-feira (5\/04):<\/p>\n\n\n\n<p class=\"p1\">O dia ser\u00e1 marcado por chuva constante e c\u00e9u nublado, com pancadas fortes em alguns momentos. A m\u00e1xima cai para 27\u00b0C e a m\u00ednima despenca para 22\u00b0C.<\/p>\n\n\n\n<p class=\"p1\">Para o final de semana, a expectativa \u00e9 de um friozinho leve e agrad\u00e1vel, ideal para curtir momentos de descanso. Detalhes mais precisos ser\u00e3o atualizados nos pr\u00f3ximos dias.<\/p>\n\n\n\n<p class=\"p1\">Fique de olho na previs\u00e3o e aproveite o clima mais ameno!<\/p>\n\n\n\n<p>Fonte: <a href=\"https:\/\/www.diariodolitoral.com.br\/cotidiano\/frente-fria-1a-semana-de-abril-tera-chuva-e-friozinho-no-litoral-de-sp\/193229\/\">Di\u00e1rio do Litoral <\/a><\/p>\n","protected":false},"excerpt":{"rendered":"<p>A t\u00e3o aguardada queda nas temperaturas finalmente est\u00e1 a caminho! Uma frente fria, com potencial para temporais e ventos fortes, promete aliviar o calor intenso que vem predominando no litoral de S\u00e3o Paulo. A mudan\u00e7a no clima deve ocorrer no final da tarde de quinta-feira, 3 de abril, segundo previs\u00f5es do The Weather Channel, Climatempo [&hellip;]<\/p>\n","protected":false},"author":5,"featured_media":9027,"comment_status":"closed","ping_status":"open","sticky":false,"template":"","format":"standard","meta":{"_seopress_robots_primary_cat":"","_seopress_titles_title":"","_seopress_titles_desc":"","_seopress_robots_index":"","footnotes":""},"categories":[3,52,1],"tags":[],"class_list":["post-9028","post","type-post","status-publish","format-standard","has-post-thumbnail","hentry","category-destaques","category-santoseregiao","category-ultimas-noticias"],"_links":{"self":[{"href":"https:\/\/mussicom.com\/noticias\/wp-json\/wp\/v2\/posts\/9028","targetHints":{"allow":["GET"]}}],"collection":[{"href":"https:\/\/mussicom.com\/noticias\/wp-json\/wp\/v2\/posts"}],"about":[{"href":"https:\/\/mussicom.com\/noticias\/wp-json\/wp\/v2\/types\/post"}],"author":[{"embeddable":true,"href":"https:\/\/mussicom.com\/noticias\/wp-json\/wp\/v2\/users\/5"}],"replies":[{"embeddable":true,"href":"https:\/\/mussicom.com\/noticias\/wp-json\/wp\/v2\/comments?post=9028"}],"version-history":[{"count":1,"href":"https:\/\/mussicom.com\/noticias\/wp-json\/wp\/v2\/posts\/9028\/revisions"}],"predecessor-version":[{"id":9029,"href":"https:\/\/mussicom.com\/noticias\/wp-json\/wp\/v2\/posts\/9028\/revisions\/9029"}],"wp:featuredmedia":[{"embeddable":true,"href":"https:\/\/mussicom.com\/noticias\/wp-json\/wp\/v2\/media\/9027"}],"wp:attachment":[{"href":"https:\/\/mussicom.com\/noticias\/wp-json\/wp\/v2\/media?parent=9028"}],"wp:term":[{"taxonomy":"category","embeddable":true,"href":"https:\/\/mussicom.com\/noticias\/wp-json\/wp\/v2\/categories?post=9028"},{"taxonomy":"post_tag","embeddable":true,"href":"https:\/\/mussicom.com\/noticias\/wp-json\/wp\/v2\/tags?post=9028"}],"curies":[{"name":"wp","href":"https:\/\/api.w.org\/{rel}","templated":true}]}}