{"id":9007,"date":"2025-03-30T12:23:41","date_gmt":"2025-03-30T15:23:41","guid":{"rendered":"https:\/\/mussicom.com\/marco-aurelio-mello-critica-julgamento-de-bolsonaro\/"},"modified":"2025-03-30T12:23:41","modified_gmt":"2025-03-30T15:23:41","slug":"marco-aurelio-mello-critica-julgamento-de-bolsonaro","status":"publish","type":"post","link":"https:\/\/mussicom.com\/noticias\/marco-aurelio-mello-critica-julgamento-de-bolsonaro\/","title":{"rendered":"Marco Aur\u00e9lio Mello critica julgamento de Bolsonaro"},"content":{"rendered":"<p> <br \/>\n<\/p>\n<div id=\"hd80s9wa1h892edh8192\">\n<p>O ministro aposentado do <strong>Supremo Tribunal Federal (STF)<\/strong> Marco Aur\u00e9lio Mello manifestou discord\u00e2ncia em rela\u00e7\u00e3o \u00e0 condu\u00e7\u00e3o do julgamento do ex-presidente Jair Bolsonaro pela Corte.<\/p>\n<p><strong>+ Leia mais not\u00edcias de Pol\u00edtica em Oeste<\/strong><\/p>\n<p>Ao criticar a inst\u00e2ncia escolhida para a aprecia\u00e7\u00e3o das den\u00fancias de suposta tentativa de golpe de Estado, o ministro destacou que o presidente <strong>Luiz In\u00e1cio Lula da Silva<\/strong>, quando estava fora do exerc\u00edcio do mandato, foi julgado em primeira inst\u00e2ncia pelos crimes apurados pela <strong>Opera\u00e7\u00e3o Lava Jato.<\/strong><\/p>\n<blockquote class=\"wp-block-quote is-layout-flow wp-block-quote-is-layout-flow\">\n<p>\u201cOnde foi julgado o hoje presidente Lula? Na 13\u00aa Vara Criminal de Curitiba e l\u00e1 foi condenado\u201d, afirmou Mello, em contato com a reportagem de <strong>Oeste<\/strong>. \u201cO princ\u00edpio do juiz natural deve ser observado. Cidad\u00e3os comuns devem ser julgados na primeira inst\u00e2ncia, com direito a recurso.\u201d<\/p>\n<p><related-posts class=\"border-y border-gray-300 py-5\"><\/p>\n<h2 class=\"!text-2xl text-black font-primary font-semibold leading-none mb-3\">\n    Leia mais:<br \/>\n  <\/h2>\n<p><\/related-posts><\/p>\n<\/blockquote>\n<p>Mello tamb\u00e9m afirmou que n\u00e3o acredita na possibilidade de mecanismos internacionais influenciarem o cen\u00e1rio jur\u00eddico do Brasil.<\/p>\n<figure class=\"wp-block-embed is-type-video is-provider-youtube wp-block-embed-youtube wp-embed-aspect-16-9 wp-has-aspect-ratio\">\n<div class=\"wp-block-embed__wrapper\">\n<div class=\"perfmatters-lazy-youtube\" data-src=\"https:\/\/www.youtube.com\/embed\/uhjNF40Kdas\" data-id=\"uhjNF40Kdas\" data-query=\"feature=oembed\" onclick=\"perfmattersLazyLoadYouTube(this);\">\n<div><img fetchpriority=\"high\" decoding=\"async\" src=\"https:\/\/i.ytimg.com\/vi\/uhjNF40Kdas\/hqdefault.jpg\" alt=\"YouTube video\" width=\"480\" height=\"360\" data-pin-nopin=\"true\" nopin=\"nopin\"\/><\/div>\n<\/div>\n<p><noscript><iframe title=\"Andr\u00e9 Marsiglia tra\u00e7a cen\u00e1rio jur\u00eddico do julgamento de Bolsonaro por suposto &#039;golpe&#039;\" width=\"800\" height=\"450\" src=\"https:\/\/www.youtube.com\/embed\/uhjNF40Kdas?feature=oembed\" frameborder=\"0\" allow=\"accelerometer; autoplay; clipboard-write; encrypted-media; gyroscope; picture-in-picture; web-share\" referrerpolicy=\"strict-origin-when-cross-origin\" allowfullscreen><\/iframe><\/noscript>\n<\/div>\n<\/figure>\n<h2 class=\"wp-block-heading\">\u201cHomenagem a Barroso\u201d, ironiza Marco Aur\u00e9lio Mello<\/h2>\n<p>Marco Aur\u00e9lio Mello tamb\u00e9m criticou a dosimetria usada pelo ministro <strong>Alexandre de Moraes,<\/strong> relator dos casos de 8 de janeiro no STF, sobre a pena sugerida para a cabelereira D\u00e9bora dos Santos.<\/p>\n<p>Moraes defendeu a pena de 14 anos pela escrita da frase \u201cperdeu, man\u00e9\u201d na est\u00e1tua \u201cA Justi\u00e7a\u201d, com o uso de batom.<\/p>\n<blockquote class=\"wp-block-quote is-layout-flow wp-block-quote-is-layout-flow\">\n<p>\u201cAh! N\u00e3o sabia que a homenagem ao ministro Barroso chegasse a tanto\u201d, ironizou Mello. \u201cA pena imposta \u00e9 de latrocida, de homicida. E, o pior, por \u00f3rg\u00e3o incompetente a mais n\u00e3o poder.\u201d<\/p>\n<\/blockquote>\n<p>Depois de uma s\u00e9rie de cr\u00edticas, o ministro Alexandre de Moraes, do STF, concedeu nesta sexta-feira,28, pris\u00e3o domiciliar \u00e0 cabeleireira D\u00e9bora dos Santos.<\/p>\n<p>A decis\u00e3o atendeu a um pedido da PGR, que, embora tenha se manifestado contra a liberdade provis\u00f3ria, defendeu a substitui\u00e7\u00e3o da pris\u00e3o preventiva pela domiciliar devido ao direito de D\u00e9bora como m\u00e3e de dois filhos menores de idade.<\/p>\n<\/p><\/div>\n<p><br \/>\n<br \/>Fonte: <a href=\"https:\/\/revistaoeste.com\/politica\/marco-aurelio-mello-critica-pesos-diferentes-nos-julgamentos-de-lula-e-bolsonaro\/\">Ag\u00eancia Brasil<\/a><\/p>\n","protected":false},"excerpt":{"rendered":"<p>O ministro aposentado do Supremo Tribunal Federal (STF) Marco Aur\u00e9lio Mello manifestou discord\u00e2ncia em rela\u00e7\u00e3o \u00e0 condu\u00e7\u00e3o do julgamento do ex-presidente Jair Bolsonaro pela Corte. + Leia mais not\u00edcias de Pol\u00edtica em Oeste Ao criticar a inst\u00e2ncia escolhida para a aprecia\u00e7\u00e3o das den\u00fancias de suposta tentativa de golpe de Estado, o ministro destacou que o [&hellip;]<\/p>\n","protected":false},"author":5,"featured_media":9008,"comment_status":"open","ping_status":"open","sticky":false,"template":"","format":"standard","meta":{"_seopress_robots_primary_cat":"","_seopress_titles_title":"","_seopress_titles_desc":"","_seopress_robots_index":"","footnotes":""},"categories":[47,1],"tags":[],"class_list":["post-9007","post","type-post","status-publish","format-standard","has-post-thumbnail","hentry","category-politica","category-ultimas-noticias"],"_links":{"self":[{"href":"https:\/\/mussicom.com\/noticias\/wp-json\/wp\/v2\/posts\/9007","targetHints":{"allow":["GET"]}}],"collection":[{"href":"https:\/\/mussicom.com\/noticias\/wp-json\/wp\/v2\/posts"}],"about":[{"href":"https:\/\/mussicom.com\/noticias\/wp-json\/wp\/v2\/types\/post"}],"author":[{"embeddable":true,"href":"https:\/\/mussicom.com\/noticias\/wp-json\/wp\/v2\/users\/5"}],"replies":[{"embeddable":true,"href":"https:\/\/mussicom.com\/noticias\/wp-json\/wp\/v2\/comments?post=9007"}],"version-history":[{"count":0,"href":"https:\/\/mussicom.com\/noticias\/wp-json\/wp\/v2\/posts\/9007\/revisions"}],"wp:featuredmedia":[{"embeddable":true,"href":"https:\/\/mussicom.com\/noticias\/wp-json\/wp\/v2\/media\/9008"}],"wp:attachment":[{"href":"https:\/\/mussicom.com\/noticias\/wp-json\/wp\/v2\/media?parent=9007"}],"wp:term":[{"taxonomy":"category","embeddable":true,"href":"https:\/\/mussicom.com\/noticias\/wp-json\/wp\/v2\/categories?post=9007"},{"taxonomy":"post_tag","embeddable":true,"href":"https:\/\/mussicom.com\/noticias\/wp-json\/wp\/v2\/tags?post=9007"}],"curies":[{"name":"wp","href":"https:\/\/api.w.org\/{rel}","templated":true}]}}