{"id":8913,"date":"2025-03-29T19:43:54","date_gmt":"2025-03-29T22:43:54","guid":{"rendered":"https:\/\/www.mussicom.com\/decisoes-de-moraes-contra-debora-censorias-diz-jurista\/"},"modified":"2025-03-29T19:43:54","modified_gmt":"2025-03-29T22:43:54","slug":"decisoes-de-moraes-contra-debora-censorias-diz-jurista","status":"publish","type":"post","link":"https:\/\/mussicom.com\/noticias\/decisoes-de-moraes-contra-debora-censorias-diz-jurista\/","title":{"rendered":"&#8216;Decis\u00f5es de Moraes contra D\u00e9bora cens\u00f3rias&#8217;, diz jurista"},"content":{"rendered":"<p> <br \/>\n<\/p>\n<div id=\"hd80s9wa1h892edh8192\">\n<p>O jurista Andr\u00e9 Marsiglia realizou uma an\u00e1lise sobre o processo da cabeleireira D\u00e9bora dos Santos, de 39 anos, no Supremo Tribunal Federal (STF). Para o especialista e pesquisador em liberdade de express\u00e3o, as decis\u00f5es do ministro Alexandre de Moraes em rela\u00e7\u00e3o ao caso s\u00e3o \u201cinconstitucionais e cens\u00f3rias\u201d.<\/p>\n<p>Segundo Marsiglia, o fato de Moraes ter acatado a recomenda\u00e7\u00e3o da Procuradoria-Geral da Rep\u00fablica (PGR) e ter concedido a pris\u00e3o domiciliar para D\u00e9bora n\u00e3o \u00e9 necessariamente um avan\u00e7o jur\u00eddico.<\/p>\n<p><strong>+ Bolsonaro diz que pris\u00e3o domiciliar de D\u00e9bora Rodrigues foi \u2018recuo t\u00e1tico\u2019 da PGR<\/strong><\/p>\n<p>\u201cMoraes n\u00e3o revogou a pris\u00e3o preventiva, mas a substituiu por pris\u00e3o domiciliar, em raz\u00e3o do pedido de vista\u201d, declarou. \u201cOu seja, continua entendendo que sua liberdade \u00e9 um risco social.\u201d<\/p>\n<p>No in\u00edcio desta semana, o ministro Luiz Fux, do STF, pediu vista na vota\u00e7\u00e3o do caso D\u00e9bora na 1\u00aa Turma da Corte. Ou seja, mais prazo para analisar o processo. A cabeleireira foi presa por participar do ato de 8 de janeiro de 2023, e ter escrito com batom \u201cperdeu, man\u00e9\u201d na est\u00e1tua da Justi\u00e7a.\u00a0<\/p>\n<p><strong>+ Oposi\u00e7\u00e3o comemora decis\u00e3o que concede pris\u00e3o domiciliar a D\u00e9bora dos Santos<\/strong><\/p>\n<p>Durante o julgamento que tornou Jair Bolsonaro r\u00e9u por suposta tentativa de golpe de Estado, Fux disse a Moraes que ir\u00e1 fazer uma \u201crevis\u00e3o dessa dosimetria\u201d.\u00a0<\/p>\n<p>\u201cPorque, se a dosimetria \u00e9 inaugurada pelo legislador, a fixa\u00e7\u00e3o da pena \u00e9 do magistrado. E o magistrado o faz \u00e0 luz da sua sensibilidade, do seu sentimento em rela\u00e7\u00e3o a cada caso concreto\u201d, declarou.\u00a0<\/p>\n<p><strong>+ Anistia vai ser discutida na C\u00e2mara na pr\u00f3xima semana<\/strong><\/p>\n<p>Antes do pedido de vista, Moraes votou para condenar D\u00e9bora a 14 anos de pris\u00e3o em regime fechado por cinco crimes:\u00a0<\/p>\n<ul>\n<li>Tentativa de golpe de Estado;<\/li>\n<li>Aboli\u00e7\u00e3o violenta do Estado Democr\u00e1tico de Direito;<\/li>\n<li>Dano qualificado;<\/li>\n<li>Deteriora\u00e7\u00e3o do patrim\u00f4nio tombado;<\/li>\n<li>Associa\u00e7\u00e3o criminosa armada.<\/li>\n<\/ul>\n<figure class=\"wp-block-embed is-type-video is-provider-youtube wp-block-embed-youtube wp-embed-aspect-16-9 wp-has-aspect-ratio\">\n<div class=\"wp-block-embed__wrapper\">\n<div class=\"perfmatters-lazy-youtube\" data-src=\"https:\/\/www.youtube.com\/embed\/p-y_4WoZ5DY\" data-id=\"p-y_4WoZ5DY\" data-query=\"feature=oembed\" onclick=\"perfmattersLazyLoadYouTube(this);\">\n<div><img fetchpriority=\"high\" decoding=\"async\" src=\"https:\/\/i.ytimg.com\/vi\/p-y_4WoZ5DY\/hqdefault.jpg\" alt=\"YouTube video\" width=\"480\" height=\"360\" data-pin-nopin=\"true\" nopin=\"nopin\"\/><\/div>\n<\/div>\n<p><noscript><iframe title=\"Fux debate com Moraes e fala em revisar pena da cabeleireira D\u00e9bora dos Santosc7\" width=\"800\" height=\"450\" src=\"https:\/\/www.youtube.com\/embed\/p-y_4WoZ5DY?feature=oembed\" frameborder=\"0\" allow=\"accelerometer; autoplay; clipboard-write; encrypted-media; gyroscope; picture-in-picture; web-share\" referrerpolicy=\"strict-origin-when-cross-origin\" allowfullscreen><\/iframe><\/noscript>\n<\/div>\n<\/figure>\n<h2 class=\"wp-block-heading\"><strong>Medidas cautelares impostas \u00e0 D\u00e9bora dos Santos<\/strong><\/h2>\n<p>Andr\u00e9 Marsiglia destacou na sua an\u00e1lise as medidas cautelares impostas \u00e0 D\u00e9bora dos Santos, depois de ter a pris\u00e3o domiciliar concedida por Moraes: \u201cV\u00e3o de tornozeleira a impedimento de visitas, exceto de advogados\u201d.<\/p>\n<p>\u201cAs demais cautelares, semelhantes \u00e0s impostas \u00e0 Filipe Martins e Daniel Silveira, s\u00e3o inconstitucionais e cens\u00f3rias: impedem (1) uso de redes sociais, (2) entrevistas, (3) comunica\u00e7\u00e3o com demais envolvidos\u201d, explicou.\u00a0<\/p>\n<figure class=\"wp-block-image aligncenter size-full\"><picture><source data-srcset=\"https:\/\/medias.revistaoeste.com\/wp-content\/uploads\/2025\/03\/Debora-dos-Santos.jpeg.webp 768w, https:\/\/medias.revistaoeste.com\/wp-content\/uploads\/2025\/03\/Debora-dos-Santos-300x200.jpeg.webp 300w, https:\/\/medias.revistaoeste.com\/wp-content\/uploads\/2025\/03\/Debora-dos-Santos-150x100.jpeg.webp 150w\" data-sizes=\"(max-width: 768px) 100vw, 768px\" type=\"image\/webp\"><img decoding=\"async\" width=\"768\" height=\"512\" alt=\"D\u00e9bora dos Santos\" class=\"wp-image-1936572 perfmatters-lazy\" data-eio=\"p\" src=\"https:\/\/medias.revistaoeste.com\/wp-content\/uploads\/2025\/03\/Debora-dos-Santos.jpeg\" srcset=\"https:\/\/medias.revistaoeste.com\/wp-content\/uploads\/2025\/03\/Debora-dos-Santos.jpeg 768w, https:\/\/medias.revistaoeste.com\/wp-content\/uploads\/2025\/03\/Debora-dos-Santos-300x200.jpeg 300w, https:\/\/medias.revistaoeste.com\/wp-content\/uploads\/2025\/03\/Debora-dos-Santos-150x100.jpeg 150w\" data-sizes=\"(max-width: 768px) 100vw, 768px\"\/><img decoding=\"async\" width=\"768\" height=\"512\" src=\"https:\/\/medias.revistaoeste.com\/wp-content\/uploads\/2025\/03\/Debora-dos-Santos.jpeg\" alt=\"D\u00e9bora dos Santos\" class=\"wp-image-1936572\" srcset=\"https:\/\/medias.revistaoeste.com\/wp-content\/uploads\/2025\/03\/Debora-dos-Santos.jpeg 768w, https:\/\/medias.revistaoeste.com\/wp-content\/uploads\/2025\/03\/Debora-dos-Santos-300x200.jpeg 300w, https:\/\/medias.revistaoeste.com\/wp-content\/uploads\/2025\/03\/Debora-dos-Santos-150x100.jpeg 150w\" sizes=\"(max-width: 768px) 100vw, 768px\" data-eio=\"p\"\/><\/source><\/picture><figcaption class=\"wp-element-caption\">A Pol\u00edcia Federal, no \u00e2mbito da Opera\u00e7\u00e3o Lesa P\u00e1tria, realizou a pris\u00e3o de D\u00e9bora em 17 de mar\u00e7o de 2023 | Foto: Reprodu\u00e7\u00e3o\/Redes sociais <\/figcaption><\/figure>\n<p>O jurista sinalizou que o STF j\u00e1 considerou em outros casos, por exemplo quando Lula estava preso em Curitiba, ser um tipo de \u201ccensura impedir presos de darem entrevistas e se comunicarem\u201d.\u00a0<\/p>\n<p>\u201cProibir entrevistas n\u00e3o apenas fere o direito constitucional de D\u00e9bora se expressar, mas tamb\u00e9m o nosso a receber dela informa\u00e7\u00f5es de interesse p\u00fablico\u201d, destacou.<\/p>\n<p><strong>+ Leia mais not\u00edcias de Pol\u00edtica em Oeste<\/strong><\/p>\n<\/p><\/div>\n<p><br \/>\n<br \/>Fonte: <a href=\"https:\/\/revistaoeste.com\/politica\/decisoes-de-moraes-contra-debora-dos-santos-sao-inconstitucionais-e-censorias-avalia-jurista\/\">Ag\u00eancia Brasil<\/a><\/p>\n","protected":false},"excerpt":{"rendered":"<p>O jurista Andr\u00e9 Marsiglia realizou uma an\u00e1lise sobre o processo da cabeleireira D\u00e9bora dos Santos, de 39 anos, no Supremo Tribunal Federal (STF). Para o especialista e pesquisador em liberdade de express\u00e3o, as decis\u00f5es do ministro Alexandre de Moraes em rela\u00e7\u00e3o ao caso s\u00e3o \u201cinconstitucionais e cens\u00f3rias\u201d. Segundo Marsiglia, o fato de Moraes ter acatado [&hellip;]<\/p>\n","protected":false},"author":5,"featured_media":8512,"comment_status":"open","ping_status":"open","sticky":false,"template":"","format":"standard","meta":{"_seopress_robots_primary_cat":"","_seopress_titles_title":"","_seopress_titles_desc":"","_seopress_robots_index":"","footnotes":""},"categories":[47,1],"tags":[],"class_list":["post-8913","post","type-post","status-publish","format-standard","has-post-thumbnail","hentry","category-politica","category-ultimas-noticias"],"_links":{"self":[{"href":"https:\/\/mussicom.com\/noticias\/wp-json\/wp\/v2\/posts\/8913","targetHints":{"allow":["GET"]}}],"collection":[{"href":"https:\/\/mussicom.com\/noticias\/wp-json\/wp\/v2\/posts"}],"about":[{"href":"https:\/\/mussicom.com\/noticias\/wp-json\/wp\/v2\/types\/post"}],"author":[{"embeddable":true,"href":"https:\/\/mussicom.com\/noticias\/wp-json\/wp\/v2\/users\/5"}],"replies":[{"embeddable":true,"href":"https:\/\/mussicom.com\/noticias\/wp-json\/wp\/v2\/comments?post=8913"}],"version-history":[{"count":0,"href":"https:\/\/mussicom.com\/noticias\/wp-json\/wp\/v2\/posts\/8913\/revisions"}],"wp:featuredmedia":[{"embeddable":true,"href":"https:\/\/mussicom.com\/noticias\/wp-json\/wp\/v2\/media\/8512"}],"wp:attachment":[{"href":"https:\/\/mussicom.com\/noticias\/wp-json\/wp\/v2\/media?parent=8913"}],"wp:term":[{"taxonomy":"category","embeddable":true,"href":"https:\/\/mussicom.com\/noticias\/wp-json\/wp\/v2\/categories?post=8913"},{"taxonomy":"post_tag","embeddable":true,"href":"https:\/\/mussicom.com\/noticias\/wp-json\/wp\/v2\/tags?post=8913"}],"curies":[{"name":"wp","href":"https:\/\/api.w.org\/{rel}","templated":true}]}}