{"id":88610,"date":"2026-09-02T14:39:52","date_gmt":"2026-09-02T17:39:52","guid":{"rendered":"https:\/\/mussicom.com\/noticias\/casos-confirmados-de-sarampo-chegam-a-28-em-sao-paulo\/"},"modified":"2026-09-02T14:39:52","modified_gmt":"2026-09-02T17:39:52","slug":"casos-confirmados-de-sarampo-chegam-a-28-em-sao-paulo","status":"publish","type":"post","link":"https:\/\/mussicom.com\/noticias\/casos-confirmados-de-sarampo-chegam-a-28-em-sao-paulo\/","title":{"rendered":"Casos confirmados de sarampo chegam a 28 em S\u00e3o Paulo"},"content":{"rendered":"<p> <br \/>\n<\/p>\n<div>\n<p><strong>O estado de S\u00e3o Paulo registrou nesta ter\u00e7a-feira (1) mais dois casos de sarampo, chegando a 28 registrados neste ano. Um beb\u00ea e uma mulher de 40 anos foram infectados pelo v\u00edrus. A informa\u00e7\u00e3o foi confirmada pela Secretaria de Sa\u00fade no \u00faltimo balan\u00e7o epidemiol\u00f3gico.<\/strong><img decoding=\"async\" src=\"https:\/\/agenciabrasil.ebc.com.br\/ebc.gif?id=1701346&amp;o=node\" style=\"width:1px; height:1px; display:inline;\"\/><\/p>\n<p>Segundo dados do governo do estado, 25 infec\u00e7\u00f5es ocorreram\u00a0na capital paulista, duas em S\u00e3o Bernardo do Campo e uma em Guarulhos, cidades da regi\u00e3o metropolitana da capital paulista.<\/p>\n<h2>Vacina\u00e7\u00e3o<\/h2>\n<p><strong>Durante o m\u00eas de agosto, o estado aplicou mais de 2,5 milh\u00f5es de doses da vacina contra o sarampo. Do total, 2,4 milh\u00f5es de aplica\u00e7\u00f5es se concentraram em tr\u00eas munic\u00edpios: capital (2 milh\u00f5es), Guarulhos (230,1 mil) e S\u00e3o Bernardo do Campo (169,5 mil).<\/strong><\/p>\n<p>A vacina\u00e7\u00e3o em massa \u00e9 resultado da Campanha de Multivacina\u00e7\u00e3o que chegou ao fim na ter\u00e7a-feira, dia 1\u00ba de setembro. Tamb\u00e9m terminaram as a\u00e7\u00f5es de\u00a0estrat\u00e9gia ampliada de imuniza\u00e7\u00e3o contra o sarampo nos tr\u00eas munic\u00edpios.<\/p>\n<p>A campanha, que teve in\u00edcio no dia 3 de agosto, buscou refor\u00e7ar a vacina\u00e7\u00e3o ap\u00f3s o s\u00fabito aumento de casos de sarampo na regi\u00e3o metropolitana de S\u00e3o Paulo.\u00a0A cidade concentra 90% dos casos de sarampo. Al\u00e9m disso, a secretaria de sa\u00fade informa que 20 dos pacientes confirmados n\u00e3o tinham registro de vacina\u00e7\u00e3o contra a doen\u00e7a.<\/p>\n<h2>Vacina\u00e7\u00e3o\u00a0<\/h2>\n<p><strong>Mesmo com o fim da campanha, os imunizantes continuam \u00e0 disposi\u00e7\u00e3o da popula\u00e7\u00e3o nas unidades b\u00e1sicas de sa\u00fade (UBSs), de acordo com o calend\u00e1rio vacinal de cada faixa et\u00e1ria. <\/strong>Por conta da situa\u00e7\u00e3o epidemiol\u00f3gica local, a imuniza\u00e7\u00e3o sem restri\u00e7\u00f5es para quem tem entre 6 meses e 59 anos segue mantida nos distritos de Vila Medeiros, Vila Guilherme e Vila Maria, na zona norte de S\u00e3o Paulo.<\/p>\n<p>Al\u00e9m disso, a chamada &#8220;dose zero&#8221; contra o sarampo permanece dispon\u00edvel em todas as UBSs para beb\u00eas de 6 a 11 meses. A primeira dose n\u00e3o dispensa as doses regulares do Calend\u00e1rio Nacional de Vacina\u00e7\u00e3o,\u00a0aplicadas aos 12 e 15 meses de idade. <strong>\u00c9 preciso guardar um intervalo m\u00ednimo de 30 dias entre a &#8220;dose zero&#8221; e a vacina tr\u00edplice viral ou qualquer outro imunizante de v\u00edrus vivo atenuado.<\/strong><\/p>\n<p>O atendimento nas UBSs ocorre de segunda a sexta-feira, das 7h \u00e0s 19h. Nas assist\u00eancias m\u00e9dicas ambulatoriais (AMAs)\/UBSs Integradas, a vacina\u00e7\u00e3o tamb\u00e9m \u00e9 feita aos s\u00e1bados e feriados, no mesmo hor\u00e1rio. Para checar o estoque de vacinas em tempo real, pacientes podem acessar a plataforma De Olho na Fila.\u00a0<\/p>\n<p><em>*Estagi\u00e1rio da Ag\u00eancia Brasil sob supervis\u00e3o de Odair Braz Junior<\/em><\/p>\n<p>      <!-- Relacionada --><\/p>\n<p>            <!-- Relacionada -->\n    <\/div>\n<p><br \/>\n<br \/>Fonte: <a href=\"https:\/\/agenciabrasil.ebc.com.br\/saude\/noticia\/2026-09\/casos-confirmados-de-sarampo-chegam-28-em-sao-paulo\">Ag\u00eancia Brasil<\/a><\/p>\n","protected":false},"excerpt":{"rendered":"<p>O estado de S\u00e3o Paulo registrou nesta ter\u00e7a-feira (1) mais dois casos de sarampo, chegando a 28 registrados neste ano. Um beb\u00ea e uma mulher de 40 anos foram infectados pelo v\u00edrus. A informa\u00e7\u00e3o foi confirmada pela Secretaria de Sa\u00fade no \u00faltimo balan\u00e7o epidemiol\u00f3gico. Segundo dados do governo do estado, 25 infec\u00e7\u00f5es ocorreram\u00a0na capital paulista, [&hellip;]<\/p>\n","protected":false},"author":5,"featured_media":88611,"comment_status":"open","ping_status":"open","sticky":false,"template":"","format":"standard","meta":{"_seopress_robots_primary_cat":"","_seopress_titles_title":"","_seopress_titles_desc":"","_seopress_robots_index":"","footnotes":""},"categories":[46],"tags":[],"class_list":["post-88610","post","type-post","status-publish","format-standard","has-post-thumbnail","hentry","category-saude"],"_links":{"self":[{"href":"https:\/\/mussicom.com\/noticias\/wp-json\/wp\/v2\/posts\/88610","targetHints":{"allow":["GET"]}}],"collection":[{"href":"https:\/\/mussicom.com\/noticias\/wp-json\/wp\/v2\/posts"}],"about":[{"href":"https:\/\/mussicom.com\/noticias\/wp-json\/wp\/v2\/types\/post"}],"author":[{"embeddable":true,"href":"https:\/\/mussicom.com\/noticias\/wp-json\/wp\/v2\/users\/5"}],"replies":[{"embeddable":true,"href":"https:\/\/mussicom.com\/noticias\/wp-json\/wp\/v2\/comments?post=88610"}],"version-history":[{"count":0,"href":"https:\/\/mussicom.com\/noticias\/wp-json\/wp\/v2\/posts\/88610\/revisions"}],"wp:featuredmedia":[{"embeddable":true,"href":"https:\/\/mussicom.com\/noticias\/wp-json\/wp\/v2\/media\/88611"}],"wp:attachment":[{"href":"https:\/\/mussicom.com\/noticias\/wp-json\/wp\/v2\/media?parent=88610"}],"wp:term":[{"taxonomy":"category","embeddable":true,"href":"https:\/\/mussicom.com\/noticias\/wp-json\/wp\/v2\/categories?post=88610"},{"taxonomy":"post_tag","embeddable":true,"href":"https:\/\/mussicom.com\/noticias\/wp-json\/wp\/v2\/tags?post=88610"}],"curies":[{"name":"wp","href":"https:\/\/api.w.org\/{rel}","templated":true}]}}