{"id":88604,"date":"2026-09-01T18:20:32","date_gmt":"2026-09-01T21:20:32","guid":{"rendered":"https:\/\/mussicom.com\/noticias\/consulta-para-novo-catalogo-de-cursos-tecnicos-do-mec-termina-amanha\/"},"modified":"2026-09-01T18:20:32","modified_gmt":"2026-09-01T21:20:32","slug":"consulta-para-novo-catalogo-de-cursos-tecnicos-do-mec-termina-amanha","status":"publish","type":"post","link":"https:\/\/mussicom.com\/noticias\/consulta-para-novo-catalogo-de-cursos-tecnicos-do-mec-termina-amanha\/","title":{"rendered":"Consulta para novo Cat\u00e1logo de Cursos T\u00e9cnicos do MEC termina amanh\u00e3"},"content":{"rendered":"<p> <br \/>\n<\/p>\n<div>\n<p>Estudantes, professores, gestores p\u00fablicos, a sociedade civil em geral, al\u00e9m de institui\u00e7\u00f5es de ensino, sindicatos e conselhos profissionais podem contribuir at\u00e9\u00a0as 23h59 desta quarta-feira (2) na elabora\u00e7\u00e3o da vers\u00e3o preliminar da 5\u00aa edi\u00e7\u00e3o do Cat\u00e1logo Nacional de Cursos T\u00e9cnicos (CNCT) do Minist\u00e9rio da Educa\u00e7\u00e3o (MEC).<img decoding=\"async\" src=\"https:\/\/agenciabrasil.ebc.com.br\/ebc.gif?id=1701275&amp;o=node\" style=\"width:1px; height:1px; display:inline;\"\/><\/p>\n<p>A proposta de consulta p\u00fablica contempla a revis\u00e3o e a atualiza\u00e7\u00e3o de 197 cursos t\u00e9cnicos, distribu\u00eddos em 13 eixos tecnol\u00f3gicos.\u00a0<\/p>\n<p>Para enviar as sugest\u00f5es, os interessados devem acessar a Plataforma Brasil Participativo.<\/p>\n<p>Ap\u00f3s o envio da participa\u00e7\u00e3o social, ser\u00e1 automaticamente gerado um n\u00famero de protocolo, que ser\u00e1 encaminhado ao e-mail informado no formul\u00e1rio online.<\/p>\n<h2>Cat\u00e1logo<\/h2>\n<p><strong>O Cat\u00e1logo Nacional de Cursos T\u00e9cnicos (CNCT), vigente desde 2020, \u00e9 refer\u00eancia da educa\u00e7\u00e3o t\u00e9cnica de n\u00edvel m\u00e9dio no pa\u00eds.\u00a0<\/strong><\/p>\n<p>O material orienta institui\u00e7\u00f5es de ensino na organiza\u00e7\u00e3o e oferta de cursos t\u00e9cnicos, itiner\u00e1rios formativos para as redes de ensino.<\/p>\n<p>O material tamb\u00e9m serve para informar os estudantes sobre perfis profissionais e possibilidades de atua\u00e7\u00e3o no mundo do trabalho com o objetivo de ajud\u00e1-los na escolha de suas forma\u00e7\u00f5es e futuras carreiras.<\/p>\n<p>Para o setor produtivo, serve de par\u00e2metro na sele\u00e7\u00e3o de profissionais qualificados.<\/p>\n<p>A atualiza\u00e7\u00e3o do documento busca adequar a forma\u00e7\u00e3o educacional \u00e0s transforma\u00e7\u00f5es tecnol\u00f3gicas, \u00e0s novas demandas do mundo do trabalho e \u00e0s altera\u00e7\u00f5es normativas recentes na legisla\u00e7\u00e3o educacional, como as diretrizes estabelecidas na Lei de Diretrizes e Bases da Educa\u00e7\u00e3o Nacional (LDB) e na Pol\u00edtica Nacional de Educa\u00e7\u00e3o<\/p>\n<p>Profissional e Tecnol\u00f3gica (PNEPT).<\/p>\n<p>      <!-- Relacionada --><\/p>\n<p>            <!-- Relacionada -->\n    <\/div>\n<p><br \/>\n<br \/>Fonte: <a href=\"https:\/\/agenciabrasil.ebc.com.br\/educacao\/noticia\/2026-09\/consulta-para-novo-catalogo-de-cursos-tecnicos-do-mec-termina-amanha\">Ag\u00eancia Brasil<\/a><\/p>\n","protected":false},"excerpt":{"rendered":"<p>Estudantes, professores, gestores p\u00fablicos, a sociedade civil em geral, al\u00e9m de institui\u00e7\u00f5es de ensino, sindicatos e conselhos profissionais podem contribuir at\u00e9\u00a0as 23h59 desta quarta-feira (2) na elabora\u00e7\u00e3o da vers\u00e3o preliminar da 5\u00aa edi\u00e7\u00e3o do Cat\u00e1logo Nacional de Cursos T\u00e9cnicos (CNCT) do Minist\u00e9rio da Educa\u00e7\u00e3o (MEC). A proposta de consulta p\u00fablica contempla a revis\u00e3o e a [&hellip;]<\/p>\n","protected":false},"author":5,"featured_media":88605,"comment_status":"open","ping_status":"open","sticky":false,"template":"","format":"standard","meta":{"_seopress_robots_primary_cat":"","_seopress_titles_title":"","_seopress_titles_desc":"","_seopress_robots_index":"","footnotes":""},"categories":[44],"tags":[],"class_list":["post-88604","post","type-post","status-publish","format-standard","has-post-thumbnail","hentry","category-educacao"],"_links":{"self":[{"href":"https:\/\/mussicom.com\/noticias\/wp-json\/wp\/v2\/posts\/88604","targetHints":{"allow":["GET"]}}],"collection":[{"href":"https:\/\/mussicom.com\/noticias\/wp-json\/wp\/v2\/posts"}],"about":[{"href":"https:\/\/mussicom.com\/noticias\/wp-json\/wp\/v2\/types\/post"}],"author":[{"embeddable":true,"href":"https:\/\/mussicom.com\/noticias\/wp-json\/wp\/v2\/users\/5"}],"replies":[{"embeddable":true,"href":"https:\/\/mussicom.com\/noticias\/wp-json\/wp\/v2\/comments?post=88604"}],"version-history":[{"count":0,"href":"https:\/\/mussicom.com\/noticias\/wp-json\/wp\/v2\/posts\/88604\/revisions"}],"wp:featuredmedia":[{"embeddable":true,"href":"https:\/\/mussicom.com\/noticias\/wp-json\/wp\/v2\/media\/88605"}],"wp:attachment":[{"href":"https:\/\/mussicom.com\/noticias\/wp-json\/wp\/v2\/media?parent=88604"}],"wp:term":[{"taxonomy":"category","embeddable":true,"href":"https:\/\/mussicom.com\/noticias\/wp-json\/wp\/v2\/categories?post=88604"},{"taxonomy":"post_tag","embeddable":true,"href":"https:\/\/mussicom.com\/noticias\/wp-json\/wp\/v2\/tags?post=88604"}],"curies":[{"name":"wp","href":"https:\/\/api.w.org\/{rel}","templated":true}]}}