{"id":88536,"date":"2026-08-27T19:12:41","date_gmt":"2026-08-27T22:12:41","guid":{"rendered":"https:\/\/mussicom.com\/noticias\/servidores-de-cubatao-devem-entregar-declaracao-de-bens-ate-segunda-feira-2\/"},"modified":"2026-08-27T19:12:41","modified_gmt":"2026-08-27T22:12:41","slug":"servidores-de-cubatao-devem-entregar-declaracao-de-bens-ate-segunda-feira-2","status":"publish","type":"post","link":"https:\/\/mussicom.com\/noticias\/servidores-de-cubatao-devem-entregar-declaracao-de-bens-ate-segunda-feira-2\/","title":{"rendered":"Servidores de Cubat\u00e3o devem entregar declara\u00e7\u00e3o de bens at\u00e9 segunda-feira"},"content":{"rendered":"<p> <br \/>\n<\/p>\n<div>\n<div class=\"elementor-background-overlay\">\n<p>Os servidores p\u00fablicos municipais de Cubat\u00e3o t\u00eam at\u00e9 a pr\u00f3xima segunda-feira (31) para entregar a Declara\u00e7\u00e3o de Bens referente ao ano de 2026. A Secretaria de Gest\u00e3o (Seges) alerta que o descumprimento do prazo pode suspender o pagamento da remunera\u00e7\u00e3o at\u00e9 a regulariza\u00e7\u00e3o.<\/p>\n<p>Para enviar a declara\u00e7\u00e3o, os servidores devem acessar o site oficial da Prefeitura de Cubat\u00e3o e entrar na op\u00e7\u00e3o \u201c\u00c1rea do Servidor\u201d. Em seguida, basta utilizar o CPF e a senha pessoal para preencher as informa\u00e7\u00f5es.<\/p>\n<p>Devem constar na declara\u00e7\u00e3o os bens que integram o patrim\u00f4nio privado do servidor. A lista inclui im\u00f3veis, m\u00f3veis, semoventes, dinheiro, t\u00edtulos, a\u00e7\u00f5es e outros bens e valores localizados no Brasil ou no exterior.<\/p>\n<p>Al\u00e9m disso, os novos agentes p\u00fablicos que ingressarem durante o per\u00edodo de declara\u00e7\u00e3o precisam apresentar as informa\u00e7\u00f5es no momento da posse. J\u00e1 quem deixar o cargo, emprego ou fun\u00e7\u00e3o dever\u00e1 atualizar os dados e informar eventual varia\u00e7\u00e3o patrimonial.<\/p>\n<p>Por outro lado, a Seges refor\u00e7a que o servidor que n\u00e3o cumprir o prazo ficar\u00e1 sujeito \u00e0 suspens\u00e3o do pagamento da remunera\u00e7\u00e3o ou de eventuais verbas rescis\u00f3rias. O pagamento ser\u00e1 retomado ap\u00f3s o envio e a regulariza\u00e7\u00e3o da declara\u00e7\u00e3o. Essas a\u00e7\u00f5es est\u00e3o em cumprimento com as leis federais e os decretos municipais.<\/p>\n<\/div>\n<\/div>\n<p><br \/>\n<br \/>Fonte: <a href=\"https:\/\/jornaldaorla.com.br\/noticias\/servidores-de-cubatao-devem-entregar-declaracao-de-bens-ate-dia-31\/\">Jornal Da Orla<\/a><\/p>\n","protected":false},"excerpt":{"rendered":"<p>Os servidores p\u00fablicos municipais de Cubat\u00e3o t\u00eam at\u00e9 a pr\u00f3xima segunda-feira (31) para entregar a Declara\u00e7\u00e3o de Bens referente ao ano de 2026. A Secretaria de Gest\u00e3o (Seges) alerta que o descumprimento do prazo pode suspender o pagamento da remunera\u00e7\u00e3o at\u00e9 a regulariza\u00e7\u00e3o. Para enviar a declara\u00e7\u00e3o, os servidores devem acessar o site oficial da [&hellip;]<\/p>\n","protected":false},"author":5,"featured_media":88537,"comment_status":"open","ping_status":"open","sticky":false,"template":"","format":"standard","meta":{"_seopress_robots_primary_cat":"","_seopress_titles_title":"","_seopress_titles_desc":"","_seopress_robots_index":"","footnotes":""},"categories":[52],"tags":[],"class_list":["post-88536","post","type-post","status-publish","format-standard","has-post-thumbnail","hentry","category-santoseregiao"],"_links":{"self":[{"href":"https:\/\/mussicom.com\/noticias\/wp-json\/wp\/v2\/posts\/88536","targetHints":{"allow":["GET"]}}],"collection":[{"href":"https:\/\/mussicom.com\/noticias\/wp-json\/wp\/v2\/posts"}],"about":[{"href":"https:\/\/mussicom.com\/noticias\/wp-json\/wp\/v2\/types\/post"}],"author":[{"embeddable":true,"href":"https:\/\/mussicom.com\/noticias\/wp-json\/wp\/v2\/users\/5"}],"replies":[{"embeddable":true,"href":"https:\/\/mussicom.com\/noticias\/wp-json\/wp\/v2\/comments?post=88536"}],"version-history":[{"count":0,"href":"https:\/\/mussicom.com\/noticias\/wp-json\/wp\/v2\/posts\/88536\/revisions"}],"wp:featuredmedia":[{"embeddable":true,"href":"https:\/\/mussicom.com\/noticias\/wp-json\/wp\/v2\/media\/88537"}],"wp:attachment":[{"href":"https:\/\/mussicom.com\/noticias\/wp-json\/wp\/v2\/media?parent=88536"}],"wp:term":[{"taxonomy":"category","embeddable":true,"href":"https:\/\/mussicom.com\/noticias\/wp-json\/wp\/v2\/categories?post=88536"},{"taxonomy":"post_tag","embeddable":true,"href":"https:\/\/mussicom.com\/noticias\/wp-json\/wp\/v2\/tags?post=88536"}],"curies":[{"name":"wp","href":"https:\/\/api.w.org\/{rel}","templated":true}]}}