{"id":88532,"date":"2026-08-27T16:57:37","date_gmt":"2026-08-27T19:57:37","guid":{"rendered":"https:\/\/mussicom.com\/noticias\/bombeiros-seguem-buscas-por-jovem-que-desapareceu-no-mar-em-guaruja-video\/"},"modified":"2026-08-27T16:57:37","modified_gmt":"2026-08-27T19:57:37","slug":"bombeiros-seguem-buscas-por-jovem-que-desapareceu-no-mar-em-guaruja-video","status":"publish","type":"post","link":"https:\/\/mussicom.com\/noticias\/bombeiros-seguem-buscas-por-jovem-que-desapareceu-no-mar-em-guaruja-video\/","title":{"rendered":"Bombeiros seguem buscas por jovem que desapareceu no mar em Guaruj\u00e1; V\u00cdDEO"},"content":{"rendered":"<p> <br \/>\n<\/p>\n<div>\n<p>O Grupamento de Bombeiros Mar\u00edtimo (GBMar) segue nas buscas de uma jovem de cerca de 21 anos na Praia das Ast\u00farias, em Guaruj\u00e1, na tarde desta quarta-feira (26). A jovem \u00e9 de Guarulhos (SP) e entrou em processo de afogamento na regi\u00e3o do Canto dos Pescadores.<\/p>\n<p>De acordo com o registro da ocorr\u00eancia, a v\u00edtima ingressou nas \u00e1guas em um setor devidamente sinalizado como de risco, tendo sido alertada por sinais sonoros do guarda-vidas de plant\u00e3o ao adentrar o local. A jovem estava na Cidade acompanhada de familiares, por\u00e9m encontrava-se sozinha no momento em que entrou no mar.<\/p>\n<p>Assim que observado o quadro de afogamento, a guarni\u00e7\u00e3o do GBMar iniciou imediatamente as a\u00e7\u00f5es de resgate, com o emprego de uma moto aqu\u00e1tica, quadriciclo e viatura de apoio. Diante das fortes correntezas e do mar revolto, a v\u00edtima submergiu antes que o contato pudesse ser estabelecido. Foram mobilizados seis militares, com apoio de embarca\u00e7\u00e3o.<\/p>\n<p>O GBMar permanece realizando buscas na regi\u00e3o do Canto das Galhetas. As equipes permanecem enquanto a visibilidade possibilite a continuidade dos trabalhos.<\/p>\n<p><strong>VEJA O TRABALHO DE RESGATE<\/strong><\/p>\n<\/div>\n<p><br \/>\n<br \/>Fonte: <a href=\"https:\/\/jornaldaorla.com.br\/noticias\/bombeiros-seguem-buscas-por-jovem-que-desapareceu-no-mar-em-guaruja-video\/\">Jornal Da Orla<\/a><\/p>\n","protected":false},"excerpt":{"rendered":"<p>O Grupamento de Bombeiros Mar\u00edtimo (GBMar) segue nas buscas de uma jovem de cerca de 21 anos na Praia das Ast\u00farias, em Guaruj\u00e1, na tarde desta quarta-feira (26). A jovem \u00e9 de Guarulhos (SP) e entrou em processo de afogamento na regi\u00e3o do Canto dos Pescadores. De acordo com o registro da ocorr\u00eancia, a v\u00edtima [&hellip;]<\/p>\n","protected":false},"author":5,"featured_media":88533,"comment_status":"open","ping_status":"open","sticky":false,"template":"","format":"standard","meta":{"_seopress_robots_primary_cat":"","_seopress_titles_title":"","_seopress_titles_desc":"","_seopress_robots_index":"","footnotes":""},"categories":[52],"tags":[],"class_list":["post-88532","post","type-post","status-publish","format-standard","has-post-thumbnail","hentry","category-santoseregiao"],"_links":{"self":[{"href":"https:\/\/mussicom.com\/noticias\/wp-json\/wp\/v2\/posts\/88532","targetHints":{"allow":["GET"]}}],"collection":[{"href":"https:\/\/mussicom.com\/noticias\/wp-json\/wp\/v2\/posts"}],"about":[{"href":"https:\/\/mussicom.com\/noticias\/wp-json\/wp\/v2\/types\/post"}],"author":[{"embeddable":true,"href":"https:\/\/mussicom.com\/noticias\/wp-json\/wp\/v2\/users\/5"}],"replies":[{"embeddable":true,"href":"https:\/\/mussicom.com\/noticias\/wp-json\/wp\/v2\/comments?post=88532"}],"version-history":[{"count":0,"href":"https:\/\/mussicom.com\/noticias\/wp-json\/wp\/v2\/posts\/88532\/revisions"}],"wp:featuredmedia":[{"embeddable":true,"href":"https:\/\/mussicom.com\/noticias\/wp-json\/wp\/v2\/media\/88533"}],"wp:attachment":[{"href":"https:\/\/mussicom.com\/noticias\/wp-json\/wp\/v2\/media?parent=88532"}],"wp:term":[{"taxonomy":"category","embeddable":true,"href":"https:\/\/mussicom.com\/noticias\/wp-json\/wp\/v2\/categories?post=88532"},{"taxonomy":"post_tag","embeddable":true,"href":"https:\/\/mussicom.com\/noticias\/wp-json\/wp\/v2\/tags?post=88532"}],"curies":[{"name":"wp","href":"https:\/\/api.w.org\/{rel}","templated":true}]}}