{"id":88528,"date":"2026-08-27T15:56:33","date_gmt":"2026-08-27T18:56:33","guid":{"rendered":"https:\/\/mussicom.com\/noticias\/apos-obra-poste-fica-no-meio-da-rua-e-atrapalha-motoristas-em-cubatao\/"},"modified":"2026-08-27T15:56:33","modified_gmt":"2026-08-27T18:56:33","slug":"apos-obra-poste-fica-no-meio-da-rua-e-atrapalha-motoristas-em-cubatao","status":"publish","type":"post","link":"https:\/\/mussicom.com\/noticias\/apos-obra-poste-fica-no-meio-da-rua-e-atrapalha-motoristas-em-cubatao\/","title":{"rendered":"Ap\u00f3s obra, poste fica no meio da rua e atrapalha motoristas em Cubat\u00e3o"},"content":{"rendered":"<p> <br \/>\n<\/p>\n<div>\n<p>Um poste de energia el\u00e9trica est\u00e1, literalmente, no meio de uma rua de Cubat\u00e3o. A confus\u00e3o come\u00e7ou h\u00e1 cerca de dois meses, desde que a via passou a operar com a nova configura\u00e7\u00e3o. Motoristas que utilizam a rua precisam fazer desvios para contornar o poste, que se transformou em um obst\u00e1culo.<\/p>\n<p>A Rua Faixa do Oleoduto, no Pinhal do Miranda, passou por uma altera\u00e7\u00e3o no tra\u00e7ado que modificou a posi\u00e7\u00e3o da estrutura em rela\u00e7\u00e3o ao fluxo de ve\u00edculos. O problema foi que o poste, instalado muito antes dessas mudan\u00e7as, n\u00e3o poderia ser removido deliberadamente. De acordo com a Prefeitura de Cubat\u00e3o, o poste ficava pr\u00f3ximo \u00e0 cal\u00e7ada de uma empresa e estava dentro de uma \u00e1rea pertencente a uma operadora portu\u00e1ria. Com a mudan\u00e7a no tra\u00e7ado da rua, o espa\u00e7o passou a ser utilizado pelos ve\u00edculos, enquanto o equipamento permaneceu na posi\u00e7\u00e3o original.<\/p>\n<p><img alt=\"\" fetchpriority=\"high\" decoding=\"async\" class=\"alignnone size-full wp-image-278067\" src=\"https:\/\/jornaldaorla.com.br\/wp-content\/uploads\/2026\/08\/POSTE-CUBATAO-1.png\" alt=\"\" width=\"340\" height=\"291\" srcset=\"https:\/\/jornaldaorla.com.br\/wp-content\/uploads\/2026\/08\/POSTE-CUBATAO-1.png 340w, https:\/\/jornaldaorla.com.br\/wp-content\/uploads\/2026\/08\/POSTE-CUBATAO-1-300x257.png 300w\" sizes=\"(max-width: 340px) 100vw, 340px\" data-eio=\"l\"\/><\/p>\n<p>Segundo a Administra\u00e7\u00e3o Municipal, a CPFL Piratininga informou que a perman\u00eancia do poste no local ocorreu de maneira provis\u00f3ria, como medida emergencial. Em nota enviada ao Jornal da Orla, a Secretaria Municipal de Obras e Desenvolvimento (Semob) afirmou que foi acionada e, imediatamente, notificou a CPFL para a remo\u00e7\u00e3o e mudan\u00e7a de local do poste. A Semob segue cobrando a CPFL para que a mudan\u00e7a seja realizada.<\/p>\n<p>J\u00e1 a CPFL Piratininga informou que o remanejamento do poste est\u00e1 contemplado em seu cronograma de obras e ser\u00e1 realizado o mais brevemente poss\u00edvel. A distribuidora esclareceu que a necessidade de adequa\u00e7\u00e3o da estrutura decorre de altera\u00e7\u00f5es realizadas no tra\u00e7ado vi\u00e1rio durante a execu\u00e7\u00e3o de obra conduzida pelo contratante (Prefeitura). A interven\u00e7\u00e3o para remanejamento da rede, segundo a empresa, est\u00e1 sendo conduzida conforme os procedimentos t\u00e9cnicos aplic\u00e1veis e o planejamento operacional necess\u00e1rio para sua execu\u00e7\u00e3o, buscando minimizar eventuais impactos ao fornecimento de energia durante os servi\u00e7os.<\/p>\n<p>At\u00e9 o momento, n\u00e3o foi informado um prazo para a retirada do poste.<\/p>\n<\/div>\n<p><br \/>\n<br \/>Fonte: <a href=\"https:\/\/jornaldaorla.com.br\/noticias\/apos-obra-poste-fica-no-meio-da-rua-e-atrapalha-motoristas-em-cubatao\/\">Jornal Da Orla<\/a><\/p>\n","protected":false},"excerpt":{"rendered":"<p>Um poste de energia el\u00e9trica est\u00e1, literalmente, no meio de uma rua de Cubat\u00e3o. A confus\u00e3o come\u00e7ou h\u00e1 cerca de dois meses, desde que a via passou a operar com a nova configura\u00e7\u00e3o. Motoristas que utilizam a rua precisam fazer desvios para contornar o poste, que se transformou em um obst\u00e1culo. A Rua Faixa do [&hellip;]<\/p>\n","protected":false},"author":5,"featured_media":88529,"comment_status":"open","ping_status":"open","sticky":false,"template":"","format":"standard","meta":{"_seopress_robots_primary_cat":"","_seopress_titles_title":"","_seopress_titles_desc":"","_seopress_robots_index":"","footnotes":""},"categories":[52],"tags":[],"class_list":["post-88528","post","type-post","status-publish","format-standard","has-post-thumbnail","hentry","category-santoseregiao"],"_links":{"self":[{"href":"https:\/\/mussicom.com\/noticias\/wp-json\/wp\/v2\/posts\/88528","targetHints":{"allow":["GET"]}}],"collection":[{"href":"https:\/\/mussicom.com\/noticias\/wp-json\/wp\/v2\/posts"}],"about":[{"href":"https:\/\/mussicom.com\/noticias\/wp-json\/wp\/v2\/types\/post"}],"author":[{"embeddable":true,"href":"https:\/\/mussicom.com\/noticias\/wp-json\/wp\/v2\/users\/5"}],"replies":[{"embeddable":true,"href":"https:\/\/mussicom.com\/noticias\/wp-json\/wp\/v2\/comments?post=88528"}],"version-history":[{"count":0,"href":"https:\/\/mussicom.com\/noticias\/wp-json\/wp\/v2\/posts\/88528\/revisions"}],"wp:featuredmedia":[{"embeddable":true,"href":"https:\/\/mussicom.com\/noticias\/wp-json\/wp\/v2\/media\/88529"}],"wp:attachment":[{"href":"https:\/\/mussicom.com\/noticias\/wp-json\/wp\/v2\/media?parent=88528"}],"wp:term":[{"taxonomy":"category","embeddable":true,"href":"https:\/\/mussicom.com\/noticias\/wp-json\/wp\/v2\/categories?post=88528"},{"taxonomy":"post_tag","embeddable":true,"href":"https:\/\/mussicom.com\/noticias\/wp-json\/wp\/v2\/tags?post=88528"}],"curies":[{"name":"wp","href":"https:\/\/api.w.org\/{rel}","templated":true}]}}