{"id":88522,"date":"2026-08-27T11:52:33","date_gmt":"2026-08-27T14:52:33","guid":{"rendered":"https:\/\/mussicom.com\/noticias\/piloto-de-parapente-morre-apos-linha-de-pipa-atingir-equipamento-em-itanhaem\/"},"modified":"2026-08-27T11:52:33","modified_gmt":"2026-08-27T14:52:33","slug":"piloto-de-parapente-morre-apos-linha-de-pipa-atingir-equipamento-em-itanhaem","status":"publish","type":"post","link":"https:\/\/mussicom.com\/noticias\/piloto-de-parapente-morre-apos-linha-de-pipa-atingir-equipamento-em-itanhaem\/","title":{"rendered":"Piloto de parapente morre ap\u00f3s linha de pipa atingir equipamento em Itanha\u00e9m"},"content":{"rendered":"<p> <br \/>\n<\/p>\n<div>\n<p>Um homem de 41 anos morreu ap\u00f3s sofrer uma queda enquanto praticava voo de parapente em Itanha\u00e9m. O acidente aconteceu na tarde de domingo (24), quando uma linha de pipa atingiu a estrutura do equipamento e provocou a queda do piloto.<\/p>\n<p>Segundo informa\u00e7\u00f5es apuradas pela Pol\u00edcia, a linha atingiu a asa do parapente durante o voo. O piloto caiu de uma altura estimada em cerca de 10 metros. Imagens registradas no momento do acidente mostram a queda.<\/p>\n<p>Ap\u00f3s o acidente, a v\u00edtima recebeu atendimento m\u00e9dico e foi encaminhada inicialmente para uma unidade hospitalar da regi\u00e3o. Posteriormente, foi transferida para o Hospital Ana Costa, em Santos, onde morreu.<\/p>\n<p>O caso foi registrado como morte suspeita e ser\u00e1 investigado pela Pol\u00edcia Civil. A ocorr\u00eancia foi inicialmente apresentada na Central de Pol\u00edcia Judici\u00e1ria de Santos e encaminhada para apura\u00e7\u00e3o em Itanha\u00e9m. A per\u00edcia foi acionada para analisar as circunst\u00e2ncias do acidente.<\/p>\n<p>A v\u00edtima, identificada como Adriano Azevedo de Santos, era piloto habilitado e praticava voos de forma independente. Segundo informa\u00e7\u00f5es de um instrutor ouvido durante a apura\u00e7\u00e3o, ele havia conclu\u00eddo a forma\u00e7\u00e3o para realizar os voos sozinho.<\/p>\n<p>A linha que atingiu o equipamento teria provocado danos \u00e0 asa, comprometendo o voo e levando \u00e0 queda. H\u00e1 suspeita de que o material utilizado na pipa pudesse conter cerol, subst\u00e2ncia cortante usada para aumentar o poder de corte da linha. A eventual utiliza\u00e7\u00e3o desse tipo de material dever\u00e1 ser esclarecida durante a investiga\u00e7\u00e3o.<\/p>\n<p>At\u00e9 o momento, n\u00e3o h\u00e1 informa\u00e7\u00e3o sobre a identifica\u00e7\u00e3o de quem empinava a pipa no momento do acidente.<\/p>\n<\/div>\n<p><br \/>\n<br \/>Fonte: <a href=\"https:\/\/jornaldaorla.com.br\/noticias\/piloto-de-parapente-morre-apos-linha-de-pipa-atingir-equipamento-durante-voo-em-itanhaem\/\">Jornal Da Orla<\/a><\/p>\n","protected":false},"excerpt":{"rendered":"<p>Um homem de 41 anos morreu ap\u00f3s sofrer uma queda enquanto praticava voo de parapente em Itanha\u00e9m. O acidente aconteceu na tarde de domingo (24), quando uma linha de pipa atingiu a estrutura do equipamento e provocou a queda do piloto. Segundo informa\u00e7\u00f5es apuradas pela Pol\u00edcia, a linha atingiu a asa do parapente durante o [&hellip;]<\/p>\n","protected":false},"author":5,"featured_media":88523,"comment_status":"open","ping_status":"open","sticky":false,"template":"","format":"standard","meta":{"_seopress_robots_primary_cat":"","_seopress_titles_title":"","_seopress_titles_desc":"","_seopress_robots_index":"","footnotes":""},"categories":[52],"tags":[],"class_list":["post-88522","post","type-post","status-publish","format-standard","has-post-thumbnail","hentry","category-santoseregiao"],"_links":{"self":[{"href":"https:\/\/mussicom.com\/noticias\/wp-json\/wp\/v2\/posts\/88522","targetHints":{"allow":["GET"]}}],"collection":[{"href":"https:\/\/mussicom.com\/noticias\/wp-json\/wp\/v2\/posts"}],"about":[{"href":"https:\/\/mussicom.com\/noticias\/wp-json\/wp\/v2\/types\/post"}],"author":[{"embeddable":true,"href":"https:\/\/mussicom.com\/noticias\/wp-json\/wp\/v2\/users\/5"}],"replies":[{"embeddable":true,"href":"https:\/\/mussicom.com\/noticias\/wp-json\/wp\/v2\/comments?post=88522"}],"version-history":[{"count":0,"href":"https:\/\/mussicom.com\/noticias\/wp-json\/wp\/v2\/posts\/88522\/revisions"}],"wp:featuredmedia":[{"embeddable":true,"href":"https:\/\/mussicom.com\/noticias\/wp-json\/wp\/v2\/media\/88523"}],"wp:attachment":[{"href":"https:\/\/mussicom.com\/noticias\/wp-json\/wp\/v2\/media?parent=88522"}],"wp:term":[{"taxonomy":"category","embeddable":true,"href":"https:\/\/mussicom.com\/noticias\/wp-json\/wp\/v2\/categories?post=88522"},{"taxonomy":"post_tag","embeddable":true,"href":"https:\/\/mussicom.com\/noticias\/wp-json\/wp\/v2\/tags?post=88522"}],"curies":[{"name":"wp","href":"https:\/\/api.w.org\/{rel}","templated":true}]}}