{"id":88514,"date":"2026-08-27T08:49:37","date_gmt":"2026-08-27T11:49:37","guid":{"rendered":"https:\/\/mussicom.com\/noticias\/servidores-de-cubatao-devem-entregar-declaracao-de-bens-ate-segunda-feira\/"},"modified":"2026-08-27T08:49:37","modified_gmt":"2026-08-27T11:49:37","slug":"servidores-de-cubatao-devem-entregar-declaracao-de-bens-ate-segunda-feira","status":"publish","type":"post","link":"https:\/\/mussicom.com\/noticias\/servidores-de-cubatao-devem-entregar-declaracao-de-bens-ate-segunda-feira\/","title":{"rendered":"Servidores de Cubat\u00e3o devem entregar Declara\u00e7\u00e3o de Bens at\u00e9 segunda-feira"},"content":{"rendered":"<p> <br \/>\n<\/p>\n<div>\n<p>Servidores p\u00fablicos municipais de Cubat\u00e3o t\u00eam at\u00e9 a pr\u00f3xima segunda-feira (31) para entregar a Declara\u00e7\u00e3o de Bens referente ao ano de 2026. A Secretaria de Gest\u00e3o (Seges) alerta que o descumprimento do prazo pode suspender o pagamento da remunera\u00e7\u00e3o ou de eventuais verbas rescis\u00f3rias at\u00e9 a regulariza\u00e7\u00e3o.<\/p>\n<p>Para realizar o procedimento, os servidores devem acessar o site oficial da Prefeitura de Cubat\u00e3o e entrar na op\u00e7\u00e3o \u201c\u00c1rea do Servidor\u201d. \u00c9 necess\u00e1rio utilizar o CPF e a senha pessoal para preencher e enviar a declara\u00e7\u00e3o.<\/p>\n<p>Os servidores devem informar bens e valores que integram seu patrim\u00f4nio, tanto no Brasil quanto no exterior. A lista inclui im\u00f3veis, bens m\u00f3veis, semoventes, dinheiro, t\u00edtulos, a\u00e7\u00f5es e outros patrim\u00f4nios.<\/p>\n<p>Novos agentes p\u00fablicos que ingressaram durante o per\u00edodo devem apresentar a declara\u00e7\u00e3o no momento da posse. Os servidores que deixarem seus cargos, empregos ou fun\u00e7\u00f5es precisam atualizar as informa\u00e7\u00f5es e indicar eventual varia\u00e7\u00e3o patrimonial.<\/p>\n<p>Segundo a Seges, a exig\u00eancia segue as legisla\u00e7\u00f5es federais e os decretos municipais. Portanto, os servidores devem concluir o envio at\u00e9 31 de agosto para evitar a suspens\u00e3o dos pagamentos.<\/p>\n<\/div>\n<p><br \/>\n<br \/>Fonte: <a href=\"https:\/\/jornaldaorla.com.br\/noticias\/servidores-de-cubatao-devem-entregar-declaracao-de-bens-ate-segunda-feira\/\">Jornal Da Orla<\/a><\/p>\n","protected":false},"excerpt":{"rendered":"<p>Servidores p\u00fablicos municipais de Cubat\u00e3o t\u00eam at\u00e9 a pr\u00f3xima segunda-feira (31) para entregar a Declara\u00e7\u00e3o de Bens referente ao ano de 2026. A Secretaria de Gest\u00e3o (Seges) alerta que o descumprimento do prazo pode suspender o pagamento da remunera\u00e7\u00e3o ou de eventuais verbas rescis\u00f3rias at\u00e9 a regulariza\u00e7\u00e3o. Para realizar o procedimento, os servidores devem acessar [&hellip;]<\/p>\n","protected":false},"author":5,"featured_media":88515,"comment_status":"open","ping_status":"open","sticky":false,"template":"","format":"standard","meta":{"_seopress_robots_primary_cat":"","_seopress_titles_title":"","_seopress_titles_desc":"","_seopress_robots_index":"","footnotes":""},"categories":[52],"tags":[],"class_list":["post-88514","post","type-post","status-publish","format-standard","has-post-thumbnail","hentry","category-santoseregiao"],"_links":{"self":[{"href":"https:\/\/mussicom.com\/noticias\/wp-json\/wp\/v2\/posts\/88514","targetHints":{"allow":["GET"]}}],"collection":[{"href":"https:\/\/mussicom.com\/noticias\/wp-json\/wp\/v2\/posts"}],"about":[{"href":"https:\/\/mussicom.com\/noticias\/wp-json\/wp\/v2\/types\/post"}],"author":[{"embeddable":true,"href":"https:\/\/mussicom.com\/noticias\/wp-json\/wp\/v2\/users\/5"}],"replies":[{"embeddable":true,"href":"https:\/\/mussicom.com\/noticias\/wp-json\/wp\/v2\/comments?post=88514"}],"version-history":[{"count":0,"href":"https:\/\/mussicom.com\/noticias\/wp-json\/wp\/v2\/posts\/88514\/revisions"}],"wp:featuredmedia":[{"embeddable":true,"href":"https:\/\/mussicom.com\/noticias\/wp-json\/wp\/v2\/media\/88515"}],"wp:attachment":[{"href":"https:\/\/mussicom.com\/noticias\/wp-json\/wp\/v2\/media?parent=88514"}],"wp:term":[{"taxonomy":"category","embeddable":true,"href":"https:\/\/mussicom.com\/noticias\/wp-json\/wp\/v2\/categories?post=88514"},{"taxonomy":"post_tag","embeddable":true,"href":"https:\/\/mussicom.com\/noticias\/wp-json\/wp\/v2\/tags?post=88514"}],"curies":[{"name":"wp","href":"https:\/\/api.w.org\/{rel}","templated":true}]}}