{"id":88510,"date":"2026-08-27T06:47:39","date_gmt":"2026-08-27T09:47:39","guid":{"rendered":"https:\/\/mussicom.com\/noticias\/audiencia-publica-define-prioridade-do-orcamento-de-mongagua\/"},"modified":"2026-08-27T06:47:39","modified_gmt":"2026-08-27T09:47:39","slug":"audiencia-publica-define-prioridade-do-orcamento-de-mongagua","status":"publish","type":"post","link":"https:\/\/mussicom.com\/noticias\/audiencia-publica-define-prioridade-do-orcamento-de-mongagua\/","title":{"rendered":"Audi\u00eancia p\u00fablica define prioridade do or\u00e7amento de Mongagu\u00e1"},"content":{"rendered":"<p> <br \/>\n<\/p>\n<div>\n<p>A Secretaria de Planejamento e Finan\u00e7as de Mongagu\u00e1 realiza, nesta quinta-feira (27), a audi\u00eancia p\u00fablica para elabora\u00e7\u00e3o da proposta da Lei Or\u00e7ament\u00e1ria Anual (LOA) de 2027. O encontro ser\u00e1 realizado no plen\u00e1rio da C\u00e2mara Municipal (Av. S\u00e3o Paulo, 3.324, Vera Cruz) e \u00e9 aberto \u00e0 participa\u00e7\u00e3o da popula\u00e7\u00e3o. A reuni\u00e3o ter\u00e1 in\u00edcio \u00e0s 19h.<\/p>\n<p>Moradores, comerciantes, associa\u00e7\u00f5es, conselhos municipais e entidades de classe poder\u00e3o apresentar sugest\u00f5es e demandas que considerem importantes para o Munic\u00edpio. A audi\u00eancia integra o processo de elabora\u00e7\u00e3o do or\u00e7amento p\u00fablico e permite que diferentes segmentos da comunidade contribuam com as discuss\u00f5es sobre as prioridades para o pr\u00f3ximo ano.<\/p>\n<p>A LOA \u00e9 a lei que estima as receitas que o Munic\u00edpio dever\u00e1 arrecadar e fixa as despesas previstas para o exerc\u00edcio seguinte. A partir dela, s\u00e3o planejados os recursos destinados \u00e0s diferentes \u00e1reas e a\u00e7\u00f5es da Administra\u00e7\u00e3o Municipal.<\/p>\n<p>\u00a0<\/p>\n<\/div>\n<p><br \/>\n<br \/>Fonte: <a href=\"https:\/\/jornaldaorla.com.br\/noticias\/audiencia-publica-define-prioridade-do-orcamento-de-mongagua\/\">Jornal Da Orla<\/a><\/p>\n","protected":false},"excerpt":{"rendered":"<p>A Secretaria de Planejamento e Finan\u00e7as de Mongagu\u00e1 realiza, nesta quinta-feira (27), a audi\u00eancia p\u00fablica para elabora\u00e7\u00e3o da proposta da Lei Or\u00e7ament\u00e1ria Anual (LOA) de 2027. O encontro ser\u00e1 realizado no plen\u00e1rio da C\u00e2mara Municipal (Av. S\u00e3o Paulo, 3.324, Vera Cruz) e \u00e9 aberto \u00e0 participa\u00e7\u00e3o da popula\u00e7\u00e3o. A reuni\u00e3o ter\u00e1 in\u00edcio \u00e0s 19h. Moradores, [&hellip;]<\/p>\n","protected":false},"author":5,"featured_media":88511,"comment_status":"open","ping_status":"open","sticky":false,"template":"","format":"standard","meta":{"_seopress_robots_primary_cat":"","_seopress_titles_title":"","_seopress_titles_desc":"","_seopress_robots_index":"","footnotes":""},"categories":[52],"tags":[],"class_list":["post-88510","post","type-post","status-publish","format-standard","has-post-thumbnail","hentry","category-santoseregiao"],"_links":{"self":[{"href":"https:\/\/mussicom.com\/noticias\/wp-json\/wp\/v2\/posts\/88510","targetHints":{"allow":["GET"]}}],"collection":[{"href":"https:\/\/mussicom.com\/noticias\/wp-json\/wp\/v2\/posts"}],"about":[{"href":"https:\/\/mussicom.com\/noticias\/wp-json\/wp\/v2\/types\/post"}],"author":[{"embeddable":true,"href":"https:\/\/mussicom.com\/noticias\/wp-json\/wp\/v2\/users\/5"}],"replies":[{"embeddable":true,"href":"https:\/\/mussicom.com\/noticias\/wp-json\/wp\/v2\/comments?post=88510"}],"version-history":[{"count":0,"href":"https:\/\/mussicom.com\/noticias\/wp-json\/wp\/v2\/posts\/88510\/revisions"}],"wp:featuredmedia":[{"embeddable":true,"href":"https:\/\/mussicom.com\/noticias\/wp-json\/wp\/v2\/media\/88511"}],"wp:attachment":[{"href":"https:\/\/mussicom.com\/noticias\/wp-json\/wp\/v2\/media?parent=88510"}],"wp:term":[{"taxonomy":"category","embeddable":true,"href":"https:\/\/mussicom.com\/noticias\/wp-json\/wp\/v2\/categories?post=88510"},{"taxonomy":"post_tag","embeddable":true,"href":"https:\/\/mussicom.com\/noticias\/wp-json\/wp\/v2\/tags?post=88510"}],"curies":[{"name":"wp","href":"https:\/\/api.w.org\/{rel}","templated":true}]}}