{"id":88508,"date":"2026-08-27T05:46:41","date_gmt":"2026-08-27T08:46:41","guid":{"rendered":"https:\/\/mussicom.com\/noticias\/policia-apreende-cerca-de-10-mil-celulares-na-em-acoes-na-baixada-santista\/"},"modified":"2026-08-27T05:46:41","modified_gmt":"2026-08-27T08:46:41","slug":"policia-apreende-cerca-de-10-mil-celulares-na-em-acoes-na-baixada-santista","status":"publish","type":"post","link":"https:\/\/mussicom.com\/noticias\/policia-apreende-cerca-de-10-mil-celulares-na-em-acoes-na-baixada-santista\/","title":{"rendered":"Pol\u00edcia apreende cerca de 10 mil celulares na em a\u00e7\u00f5es na Baixada Santista"},"content":{"rendered":"<p> <br \/>\n<\/p>\n<div>\n<p>A Pol\u00edcia Civil apreendeu aproximadamente 10 mil aparelhos celulares durante fiscaliza\u00e7\u00f5es do Programa SP M\u00f3bile na Baixada Santista. As a\u00e7\u00f5es ocorreram em estabelecimentos ligados \u00e0 compra, venda, manuten\u00e7\u00e3o e circula\u00e7\u00e3o de celulares. Em Cubat\u00e3o, os policiais tamb\u00e9m prenderam um homem por recepta\u00e7\u00e3o qualificada.<\/p>\n<p>As equipes da Delegacia Seccional de Pol\u00edcia de Santos realizaram as fiscaliza\u00e7\u00f5es em diferentes pontos da regi\u00e3o. Durante as opera\u00e7\u00f5es, os agentes encontraram aparelhos \u00edntegros e semintegrados, muitos destinados ao reaproveitamento de pe\u00e7as.<\/p>\n<p>Al\u00e9m disso, parte dos celulares n\u00e3o tinha comprova\u00e7\u00e3o de origem l\u00edcita. Por isso, os policiais apreenderam os equipamentos para as provid\u00eancias de pol\u00edcia judici\u00e1ria.<\/p>\n<p>Em Cubat\u00e3o, a opera\u00e7\u00e3o tamb\u00e9m resultou na pris\u00e3o de um homem por recepta\u00e7\u00e3o qualificada. Os policiais encontraram com ele um celular que havia sido furtado. A identifica\u00e7\u00e3o do aparelho confirmou a origem il\u00edcita e motivou a pris\u00e3o.<\/p>\n<p>\u00a0<\/p>\n<\/div>\n<p><br \/>\n<br \/>Fonte: <a href=\"https:\/\/jornaldaorla.com.br\/noticias\/policia-apreende-cerca-de-10-mil-celulares-em-acoes-na-baixada-santista\/\">Jornal Da Orla<\/a><\/p>\n","protected":false},"excerpt":{"rendered":"<p>A Pol\u00edcia Civil apreendeu aproximadamente 10 mil aparelhos celulares durante fiscaliza\u00e7\u00f5es do Programa SP M\u00f3bile na Baixada Santista. As a\u00e7\u00f5es ocorreram em estabelecimentos ligados \u00e0 compra, venda, manuten\u00e7\u00e3o e circula\u00e7\u00e3o de celulares. Em Cubat\u00e3o, os policiais tamb\u00e9m prenderam um homem por recepta\u00e7\u00e3o qualificada. As equipes da Delegacia Seccional de Pol\u00edcia de Santos realizaram as fiscaliza\u00e7\u00f5es [&hellip;]<\/p>\n","protected":false},"author":5,"featured_media":88509,"comment_status":"open","ping_status":"open","sticky":false,"template":"","format":"standard","meta":{"_seopress_robots_primary_cat":"","_seopress_titles_title":"","_seopress_titles_desc":"","_seopress_robots_index":"","footnotes":""},"categories":[52],"tags":[],"class_list":["post-88508","post","type-post","status-publish","format-standard","has-post-thumbnail","hentry","category-santoseregiao"],"_links":{"self":[{"href":"https:\/\/mussicom.com\/noticias\/wp-json\/wp\/v2\/posts\/88508","targetHints":{"allow":["GET"]}}],"collection":[{"href":"https:\/\/mussicom.com\/noticias\/wp-json\/wp\/v2\/posts"}],"about":[{"href":"https:\/\/mussicom.com\/noticias\/wp-json\/wp\/v2\/types\/post"}],"author":[{"embeddable":true,"href":"https:\/\/mussicom.com\/noticias\/wp-json\/wp\/v2\/users\/5"}],"replies":[{"embeddable":true,"href":"https:\/\/mussicom.com\/noticias\/wp-json\/wp\/v2\/comments?post=88508"}],"version-history":[{"count":0,"href":"https:\/\/mussicom.com\/noticias\/wp-json\/wp\/v2\/posts\/88508\/revisions"}],"wp:featuredmedia":[{"embeddable":true,"href":"https:\/\/mussicom.com\/noticias\/wp-json\/wp\/v2\/media\/88509"}],"wp:attachment":[{"href":"https:\/\/mussicom.com\/noticias\/wp-json\/wp\/v2\/media?parent=88508"}],"wp:term":[{"taxonomy":"category","embeddable":true,"href":"https:\/\/mussicom.com\/noticias\/wp-json\/wp\/v2\/categories?post=88508"},{"taxonomy":"post_tag","embeddable":true,"href":"https:\/\/mussicom.com\/noticias\/wp-json\/wp\/v2\/tags?post=88508"}],"curies":[{"name":"wp","href":"https:\/\/api.w.org\/{rel}","templated":true}]}}