{"id":88485,"date":"2026-08-26T16:23:51","date_gmt":"2026-08-26T19:23:51","guid":{"rendered":"https:\/\/mussicom.com\/noticias\/prouni-candidatos-tem-ate-amanha-para-registro-na-lista-de-espera\/"},"modified":"2026-08-26T16:23:51","modified_gmt":"2026-08-26T19:23:51","slug":"prouni-candidatos-tem-ate-amanha-para-registro-na-lista-de-espera","status":"publish","type":"post","link":"https:\/\/mussicom.com\/noticias\/prouni-candidatos-tem-ate-amanha-para-registro-na-lista-de-espera\/","title":{"rendered":"Prouni: candidatos t\u00eam at\u00e9 amanh\u00e3 para registro na lista de espera"},"content":{"rendered":"<p> <br \/>\n<\/p>\n<div>\n<p>Candidatos n\u00e3o selecionados nas duas chamadas regulares do Programa Universidade para Todos (Prouni) j\u00e1 realizadas este ano <strong>t\u00eam at\u00e9 as 23h59 desta quinta-feira (27) para manifestar interesse em se inscrever na lista de espera<\/strong> e, assim, continuar participando do processo seletivo.<img decoding=\"async\" src=\"https:\/\/agenciabrasil.ebc.com.br\/ebc.gif?id=1700679&amp;o=node\" style=\"width:1px; height:1px; display:inline;\"\/><\/p>\n<p>Estudantes cujas inscri\u00e7\u00f5es tenham sido reprovadas porque suas turmas ainda n\u00e3o se formaram tamb\u00e9m podem participar desta etapa do processo, iniciada nesta quarta-feira (26).<\/p>\n<p>Os requerentes devem registrar, no Portal \u00danico de Acesso ao Ensino Superior, o interesse em participar da lista de espera. <strong>A inscri\u00e7\u00e3o \u00e9 gratuita.<\/strong><\/p>\n<p>A rela\u00e7\u00e3o dos candidatos inscritos ser\u00e1 divulgada em 1\u00ba de setembro, quando come\u00e7ar\u00e1 o per\u00edodo de comprova\u00e7\u00e3o das informa\u00e7\u00f5es declaradas na inscri\u00e7\u00e3o, previsto para ser encerrado em 14 de setembro.<\/p>\n<p>Para comprovar as informa\u00e7\u00f5es, os candidatos dever\u00e3o apresentar \u00e0 coordena\u00e7\u00e3o do Prouni da institui\u00e7\u00e3o de ensino indicada todos os documentos exigidos. <strong>A entrega poder\u00e1 ser realizada presencialmente ou por meio eletr\u00f4nico<\/strong>, quando essa alternativa for disponibilizada pela institui\u00e7\u00e3o.\u00a0<\/p>\n<p>Para mais informa\u00e7\u00f5es sobre hor\u00e1rios, locais de atendimento e formas de entrega dos documentos, os participantes devem consultar diretamente a institui\u00e7\u00e3o escolhida.\u00a0<\/p>\n<p>\u00c9 preciso estar atento a eventuais exig\u00eancias adicionais estabelecidas pelas pr\u00f3prias institui\u00e7\u00f5es de ensino.<\/p>\n<p>Segundo o Minist\u00e9rio da Educa\u00e7\u00e3o (MEC), <strong>os dois processos seletivos regulares do Prouni j\u00e1 realizados este ano atra\u00edram mais de 1,1 milh\u00e3o de candidatos, somando mais de 2,1 milh\u00f5es de inscri\u00e7\u00f5es<\/strong>.<\/p>\n<p>Para o segundo semestre, est\u00e3o sendo oferecidas 471.304 bolsas\u202fde estudo\u202fpara 380 cursos de gradua\u00e7\u00e3o, em 879 institui\u00e7\u00f5es privadas de educa\u00e7\u00e3o superior.\u00a0<\/p>\n<p>Do total de bolsas, 219.725 s\u00e3o integrais. As outras 251.579 concedem 50% de desconto no valor das mensalidades do curso de escolha do candidato.<\/p>\n<p><em>* Com informa\u00e7\u00f5es da Ascom\/MEC<\/em><\/p>\n<p>      <!-- Relacionada --><\/p>\n<p>            <!-- Relacionada -->\n    <\/div>\n<p><br \/>\n<br \/>Fonte: <a href=\"https:\/\/agenciabrasil.ebc.com.br\/educacao\/noticia\/2026-08\/prouni-candidatos-tem-ate-amanha-para-registro-na-lista-de-espera\">Ag\u00eancia Brasil<\/a><\/p>\n","protected":false},"excerpt":{"rendered":"<p>Candidatos n\u00e3o selecionados nas duas chamadas regulares do Programa Universidade para Todos (Prouni) j\u00e1 realizadas este ano t\u00eam at\u00e9 as 23h59 desta quinta-feira (27) para manifestar interesse em se inscrever na lista de espera e, assim, continuar participando do processo seletivo. Estudantes cujas inscri\u00e7\u00f5es tenham sido reprovadas porque suas turmas ainda n\u00e3o se formaram tamb\u00e9m [&hellip;]<\/p>\n","protected":false},"author":5,"featured_media":88486,"comment_status":"open","ping_status":"open","sticky":false,"template":"","format":"standard","meta":{"_seopress_robots_primary_cat":"","_seopress_titles_title":"","_seopress_titles_desc":"","_seopress_robots_index":"","footnotes":""},"categories":[44],"tags":[],"class_list":["post-88485","post","type-post","status-publish","format-standard","has-post-thumbnail","hentry","category-educacao"],"_links":{"self":[{"href":"https:\/\/mussicom.com\/noticias\/wp-json\/wp\/v2\/posts\/88485","targetHints":{"allow":["GET"]}}],"collection":[{"href":"https:\/\/mussicom.com\/noticias\/wp-json\/wp\/v2\/posts"}],"about":[{"href":"https:\/\/mussicom.com\/noticias\/wp-json\/wp\/v2\/types\/post"}],"author":[{"embeddable":true,"href":"https:\/\/mussicom.com\/noticias\/wp-json\/wp\/v2\/users\/5"}],"replies":[{"embeddable":true,"href":"https:\/\/mussicom.com\/noticias\/wp-json\/wp\/v2\/comments?post=88485"}],"version-history":[{"count":0,"href":"https:\/\/mussicom.com\/noticias\/wp-json\/wp\/v2\/posts\/88485\/revisions"}],"wp:featuredmedia":[{"embeddable":true,"href":"https:\/\/mussicom.com\/noticias\/wp-json\/wp\/v2\/media\/88486"}],"wp:attachment":[{"href":"https:\/\/mussicom.com\/noticias\/wp-json\/wp\/v2\/media?parent=88485"}],"wp:term":[{"taxonomy":"category","embeddable":true,"href":"https:\/\/mussicom.com\/noticias\/wp-json\/wp\/v2\/categories?post=88485"},{"taxonomy":"post_tag","embeddable":true,"href":"https:\/\/mussicom.com\/noticias\/wp-json\/wp\/v2\/tags?post=88485"}],"curies":[{"name":"wp","href":"https:\/\/api.w.org\/{rel}","templated":true}]}}