{"id":88377,"date":"2026-08-24T11:36:40","date_gmt":"2026-08-24T14:36:40","guid":{"rendered":"https:\/\/mussicom.com\/noticias\/policial-rodoviario-fica-ferido-ao-ser-atingido-por-carro-desgovernado-em-rodovia-da-baixada\/"},"modified":"2026-08-24T11:36:40","modified_gmt":"2026-08-24T14:36:40","slug":"policial-rodoviario-fica-ferido-ao-ser-atingido-por-carro-desgovernado-em-rodovia-da-baixada","status":"publish","type":"post","link":"https:\/\/mussicom.com\/noticias\/policial-rodoviario-fica-ferido-ao-ser-atingido-por-carro-desgovernado-em-rodovia-da-baixada\/","title":{"rendered":"Policial Rodovi\u00e1rio fica ferido ao ser atingido por carro desgovernado em rodovia da Baixada"},"content":{"rendered":"<p> <br \/>\n<\/p>\n<div>\n<p>Um policial ficou levemente ferido ap\u00f3s a moto da Pol\u00edcia Militar Rodovi\u00e1ria (PMRv) que ele ocupava foi atingida por um carro que ficou sem controle na Rodovia Padre Manoel da N\u00f3brega, altura de S\u00e3o Vicente, na tarde deste s\u00e1bado (22).<\/p>\n<p>De acordo com informa\u00e7\u00f5es da Ag\u00eancia Reguladora de Transportes do Estado (Artesp), o acidente aconteceu por volta das 13h30, no Km 279, sentido Praia Grande. O condutor de um Volkswagem Saveiro trafegava pela Faixa 3 de rolamento quando, ao realizar uma curva, o pneu dianteiro estourou, ocasionando a perda de controle da dire\u00e7\u00e3o. Assim, o autom\u00f3vel invadiu o acostamento e chocou-se contra a traseira da motocicleta da PMRv. Devido ao impacto, a motocicleta, modelo BMW F 900 foi projetada ao solo.<\/p>\n<p>O policial foi conduzido ao hospital com ferimentos leves. A Faixa 3 ficou interditada at\u00e9 as 20 horas. N\u00e3o houve congestionamento no local.<\/p>\n<\/div>\n<p><br \/>\n<br \/>Fonte: <a href=\"https:\/\/jornaldaorla.com.br\/noticias\/policial-rodoviario-fica-ferido-ao-ser-atingido-por-carro-desgovernado-em-rodovia-da-baixada\/\">Jornal Da Orla<\/a><\/p>\n","protected":false},"excerpt":{"rendered":"<p>Um policial ficou levemente ferido ap\u00f3s a moto da Pol\u00edcia Militar Rodovi\u00e1ria (PMRv) que ele ocupava foi atingida por um carro que ficou sem controle na Rodovia Padre Manoel da N\u00f3brega, altura de S\u00e3o Vicente, na tarde deste s\u00e1bado (22). De acordo com informa\u00e7\u00f5es da Ag\u00eancia Reguladora de Transportes do Estado (Artesp), o acidente aconteceu [&hellip;]<\/p>\n","protected":false},"author":5,"featured_media":88378,"comment_status":"open","ping_status":"open","sticky":false,"template":"","format":"standard","meta":{"_seopress_robots_primary_cat":"","_seopress_titles_title":"","_seopress_titles_desc":"","_seopress_robots_index":"","footnotes":""},"categories":[52],"tags":[],"class_list":["post-88377","post","type-post","status-publish","format-standard","has-post-thumbnail","hentry","category-santoseregiao"],"_links":{"self":[{"href":"https:\/\/mussicom.com\/noticias\/wp-json\/wp\/v2\/posts\/88377","targetHints":{"allow":["GET"]}}],"collection":[{"href":"https:\/\/mussicom.com\/noticias\/wp-json\/wp\/v2\/posts"}],"about":[{"href":"https:\/\/mussicom.com\/noticias\/wp-json\/wp\/v2\/types\/post"}],"author":[{"embeddable":true,"href":"https:\/\/mussicom.com\/noticias\/wp-json\/wp\/v2\/users\/5"}],"replies":[{"embeddable":true,"href":"https:\/\/mussicom.com\/noticias\/wp-json\/wp\/v2\/comments?post=88377"}],"version-history":[{"count":0,"href":"https:\/\/mussicom.com\/noticias\/wp-json\/wp\/v2\/posts\/88377\/revisions"}],"wp:featuredmedia":[{"embeddable":true,"href":"https:\/\/mussicom.com\/noticias\/wp-json\/wp\/v2\/media\/88378"}],"wp:attachment":[{"href":"https:\/\/mussicom.com\/noticias\/wp-json\/wp\/v2\/media?parent=88377"}],"wp:term":[{"taxonomy":"category","embeddable":true,"href":"https:\/\/mussicom.com\/noticias\/wp-json\/wp\/v2\/categories?post=88377"},{"taxonomy":"post_tag","embeddable":true,"href":"https:\/\/mussicom.com\/noticias\/wp-json\/wp\/v2\/tags?post=88377"}],"curies":[{"name":"wp","href":"https:\/\/api.w.org\/{rel}","templated":true}]}}