{"id":88171,"date":"2026-08-18T19:15:30","date_gmt":"2026-08-18T22:15:30","guid":{"rendered":"https:\/\/mussicom.com\/noticias\/policia-civil-apreende-702-kg-de-cocaina-no-porto-de-santos\/"},"modified":"2026-08-18T19:15:30","modified_gmt":"2026-08-18T22:15:30","slug":"policia-civil-apreende-702-kg-de-cocaina-no-porto-de-santos","status":"publish","type":"post","link":"https:\/\/mussicom.com\/noticias\/policia-civil-apreende-702-kg-de-cocaina-no-porto-de-santos\/","title":{"rendered":"Pol\u00edcia Civil apreende 702 kg de coca\u00edna no Porto de Santos"},"content":{"rendered":"<p> <br \/>\n<\/p>\n<div>\n<p>A Pol\u00edcia apreendeu 702 kg de coca\u00edna escondidos em um cont\u00eainer carregado com caf\u00e9 no Porto de Santos. A opera\u00e7\u00e3o ocorreu nesta ter\u00e7a-feira (18) e reuniu equipes da Pol\u00edcia Civil, Receita Federal e\u00a0 tamb\u00e9m da Pol\u00edcia Federal.<\/p>\n<p>A equipe do 4\u00ba Distrito Policial de Santos e o Setor de Intelig\u00eancia da Delegacia Seccional de Santos identificaram um cont\u00eainer suspeito durante as investiga\u00e7\u00f5es.\u00a0Segundo a apura\u00e7\u00e3o, o compartimento transportava caf\u00e9 com destino \u00e0 Turquia e faria escala no Porto de Antu\u00e9rpia, na B\u00e9lgica. Os policiais, no entanto, suspeitaram que criminosos utilizavam a carga para esconder coca\u00edna. Diante das informa\u00e7\u00f5es, os investigadores acionaram a Receita Federal. Na sequ\u00eancia, os agentes localizaram o cont\u00eainer enquanto o objeto aguardava o embarque no Porto de Santos.<\/p>\n<p>Como a carga estava em \u00e1rea alfandegada e seguiria para o exterior, a Pol\u00edcia Civil tamb\u00e9m comunicou a Pol\u00edcia Federal. Assim, as equipes acompanharam a abertura do cont\u00eainer. Durante a confer\u00eancia, c\u00e3es farejadores da Receita Federal indicaram a presen\u00e7a dos entorpecentes. Em seguida, os agentes encontraram 702 quilos de coca\u00edna escondidos em meio \u00e0 carga de caf\u00e9.<\/p>\n<p>Ap\u00f3s a apreens\u00e3o, as equipes realizaram uma per\u00edcia t\u00e9cnica no local. Depois disso, os agentes encaminharam a droga e os procedimentos \u00e0 Pol\u00edcia Federal. A investiga\u00e7\u00e3o seguir\u00e1 por meio de inqu\u00e9rito policial.<\/p>\n<\/div>\n<p><br \/>\n<br \/>Fonte: <a href=\"https:\/\/jornaldaorla.com.br\/noticias\/policia-civil-apreende-702-kg-de-cocaina-no-porto-de-santos\/\">Jornal Da Orla<\/a><\/p>\n","protected":false},"excerpt":{"rendered":"<p>A Pol\u00edcia apreendeu 702 kg de coca\u00edna escondidos em um cont\u00eainer carregado com caf\u00e9 no Porto de Santos. A opera\u00e7\u00e3o ocorreu nesta ter\u00e7a-feira (18) e reuniu equipes da Pol\u00edcia Civil, Receita Federal e\u00a0 tamb\u00e9m da Pol\u00edcia Federal. A equipe do 4\u00ba Distrito Policial de Santos e o Setor de Intelig\u00eancia da Delegacia Seccional de Santos [&hellip;]<\/p>\n","protected":false},"author":5,"featured_media":88172,"comment_status":"open","ping_status":"open","sticky":false,"template":"","format":"standard","meta":{"_seopress_robots_primary_cat":"","_seopress_titles_title":"","_seopress_titles_desc":"","_seopress_robots_index":"","footnotes":""},"categories":[52],"tags":[],"class_list":["post-88171","post","type-post","status-publish","format-standard","has-post-thumbnail","hentry","category-santoseregiao"],"_links":{"self":[{"href":"https:\/\/mussicom.com\/noticias\/wp-json\/wp\/v2\/posts\/88171","targetHints":{"allow":["GET"]}}],"collection":[{"href":"https:\/\/mussicom.com\/noticias\/wp-json\/wp\/v2\/posts"}],"about":[{"href":"https:\/\/mussicom.com\/noticias\/wp-json\/wp\/v2\/types\/post"}],"author":[{"embeddable":true,"href":"https:\/\/mussicom.com\/noticias\/wp-json\/wp\/v2\/users\/5"}],"replies":[{"embeddable":true,"href":"https:\/\/mussicom.com\/noticias\/wp-json\/wp\/v2\/comments?post=88171"}],"version-history":[{"count":0,"href":"https:\/\/mussicom.com\/noticias\/wp-json\/wp\/v2\/posts\/88171\/revisions"}],"wp:featuredmedia":[{"embeddable":true,"href":"https:\/\/mussicom.com\/noticias\/wp-json\/wp\/v2\/media\/88172"}],"wp:attachment":[{"href":"https:\/\/mussicom.com\/noticias\/wp-json\/wp\/v2\/media?parent=88171"}],"wp:term":[{"taxonomy":"category","embeddable":true,"href":"https:\/\/mussicom.com\/noticias\/wp-json\/wp\/v2\/categories?post=88171"},{"taxonomy":"post_tag","embeddable":true,"href":"https:\/\/mussicom.com\/noticias\/wp-json\/wp\/v2\/tags?post=88171"}],"curies":[{"name":"wp","href":"https:\/\/api.w.org\/{rel}","templated":true}]}}