{"id":8719,"date":"2025-03-29T01:54:03","date_gmt":"2025-03-29T04:54:03","guid":{"rendered":"https:\/\/www.mussicom.com\/will-smith-fala-sobre-tapa-em-chris-rock-em-nova-musica-ouca\/"},"modified":"2025-03-29T01:54:03","modified_gmt":"2025-03-29T04:54:03","slug":"will-smith-fala-sobre-tapa-em-chris-rock-em-nova-musica-ouca","status":"publish","type":"post","link":"https:\/\/mussicom.com\/noticias\/will-smith-fala-sobre-tapa-em-chris-rock-em-nova-musica-ouca\/","title":{"rendered":"Will Smith fala sobre tapa em Chris Rock em nova m\u00fasica; ou\u00e7a"},"content":{"rendered":"<p> <br \/>\n<\/p>\n<div>\n<p><em>Artigo publicado em 28 de mar\u00e7o de 2025 na Rolling Stone. Para ler o original em ingl\u00eas, clique aqui.<\/em><\/p>\n<p><strong>Will Smith<\/strong> lan\u00e7ou nesta sexta-feira, 28, o \u00e1lbum <em><strong>Based on a True Story<\/strong><\/em>. Na faixa de abertura do disco, <strong>\u201cInt. Barbershop \u2014 Day\u201d<\/strong>, o artista falou sobre as consequ\u00eancias mundiais do tapa que ele deu em <strong>Chris Rock<\/strong> durante o <strong>Oscar<\/strong>.<\/p>\n<p>A m\u00fasica, com participa\u00e7\u00e3o do <strong>DJ Jazzy Jeff<\/strong> e <strong>B. Simone<\/strong>, come\u00e7a com vozes aleat\u00f3rias conversando por meio de rimas. A primeira pessoa proclama: \u201c<strong>Will Smith<\/strong> est\u00e1 cancelado!\u201d Outro verso pondera: \u201cQuem diabos <strong>Will Smith<\/strong> pensa que \u00e9?\u201d enquanto o pr\u00f3ximo detrator revela: \u201cEu nunca vou perdo\u00e1-lo por essa merda que ele fez.\u201d<\/p>\n<p><strong>Smith<\/strong> faz refer\u00eancia direta ao seu relacionamento amargo com o <strong>Oscar<\/strong> ap\u00f3s dar um tapa no ent\u00e3o apresentador <strong>Chris Rock<\/strong> em 2022. &#8220;Ouvi dizer que ele ganhou o <strong>Oscar<\/strong>, mas ele teve que devolv\u00ea-lo \/ E voc\u00ea sabe que eles s\u00f3 o fizeram fazer essa merda porque ele \u00e9 negro&#8221;, diz a m\u00fasica \u2014 na verdade, ele n\u00e3o teve que devolver o pr\u00eamio de <em>Melhor Ator<\/em> que ganhou por seu papel em <em><strong>Rei Arthur<\/strong><\/em>.<\/p>\n<p><iframe allowfullscreen=\"allowfullscreen\" frameborder=\"0\" height=\"352\" loading=\"lazy\" src=\"https:\/\/open.spotify.com\/embed\/track\/080VLqL6NteJkY2Bu8bQLq?utm_source=generator\" style=\"border-radius: 12px;\" width=\"100%\"><\/iframe><\/p>\n<p>Em outro trecho da can\u00e7\u00e3o, o artista canta: &#8220;Ele e Jada s\u00e3o loucos, garota, do que voc\u00ea est\u00e1 falando? \/ \u00c9 melhor voc\u00ea manter o nome da esposa dele fora da sua boca.&#8221;<\/p>\n<p>O \u00faltimo verso foi a frase que ele falou a <strong>Rock<\/strong> depois que o comediante brincou sobre a alopecia de sua esposa <strong>Jada Pinkett-Smith<\/strong>. Ent\u00e3o, <strong>Will Smith<\/strong> caminhou at\u00e9 ele e lhe deu um tapa antes de retornar ao seu assento. Mais tarde, ele retornou ao palco para receber seu pr\u00eamio de <em>Melhor Ator<\/em>. Pelo tapa, <strong>Smith<\/strong> foi banido de qualquer evento relacionado ao pr\u00eamio por 10 anos e renunciou \u00e0 sua filia\u00e7\u00e3o \u00e0 Academia do <strong>Oscar<\/strong>.<\/p>\n<p>Em um pedido p\u00fablico de desculpas no dia seguinte, ele observou: &#8220;A viol\u00eancia em todas as suas formas \u00e9 venenosa e destrutiva. Meu comportamento no <strong>Oscar<\/strong> de ontem \u00e0 noite foi inaceit\u00e1vel e indesculp\u00e1vel.&#8221; Ele tamb\u00e9m se desculpou em um v\u00eddeo.<\/p>\n<p><em><strong>Based on a True Story<\/strong><\/em> \u00e9 o primeiro \u00e1lbum de <strong>Smith<\/strong> desde <em><strong>Lost and Found<\/strong><\/em>, de 2005. O \u00e1lbum de 14 m\u00fasicas inclui participa\u00e7\u00f5es de <strong>Big Sean<\/strong>, <strong>Teyana Taylor<\/strong>, <strong>Russ<\/strong> e <strong>Joyner Lucas<\/strong>, que anteriormente falou sobre trabalhar com <strong>Will Smith<\/strong> no projeto.<\/p>\n<p>\u201cEu e <strong>Will<\/strong> estamos sempre criando\u201d, disse <strong>Lucas<\/strong>. \u201cNa verdade, temos muitos discos. H\u00e1 muitos discos que fizemos. Adoro trabalhar com ele. <strong>Will<\/strong> \u00e9 um cara incr\u00edvel, com certeza.\u201d<\/p>\n<p><strong>+++LEIA MAIS: A hist\u00f3ria da produtiva carreira de Will Smith na m\u00fasica<\/strong><\/p>\n<p><strong>+++LEIA MAIS: Jada Pinkett confessa que tapa em Chris Rock reafirmou casamento com Will Smith<\/strong><\/p>\n<\/div>\n<p><br \/>\n<br \/>Fonte: <a href=\"https:\/\/rollingstone.com.br\/musica\/will-smith-fala-sobre-tapa-em-chris-rock-em-nova-musica-ouca\/\">rollingstone.com.br<\/a><\/p>\n","protected":false},"excerpt":{"rendered":"<p>Artigo publicado em 28 de mar\u00e7o de 2025 na Rolling Stone. Para ler o original em ingl\u00eas, clique aqui. Will Smith lan\u00e7ou nesta sexta-feira, 28, o \u00e1lbum Based on a True Story. Na faixa de abertura do disco, \u201cInt. Barbershop \u2014 Day\u201d, o artista falou sobre as consequ\u00eancias mundiais do tapa que ele deu em [&hellip;]<\/p>\n","protected":false},"author":5,"featured_media":8720,"comment_status":"open","ping_status":"open","sticky":false,"template":"","format":"standard","meta":{"_seopress_robots_primary_cat":"","_seopress_titles_title":"","_seopress_titles_desc":"","_seopress_robots_index":"","footnotes":""},"categories":[51],"tags":[],"class_list":["post-8719","post","type-post","status-publish","format-standard","has-post-thumbnail","hentry","category-musica"],"_links":{"self":[{"href":"https:\/\/mussicom.com\/noticias\/wp-json\/wp\/v2\/posts\/8719","targetHints":{"allow":["GET"]}}],"collection":[{"href":"https:\/\/mussicom.com\/noticias\/wp-json\/wp\/v2\/posts"}],"about":[{"href":"https:\/\/mussicom.com\/noticias\/wp-json\/wp\/v2\/types\/post"}],"author":[{"embeddable":true,"href":"https:\/\/mussicom.com\/noticias\/wp-json\/wp\/v2\/users\/5"}],"replies":[{"embeddable":true,"href":"https:\/\/mussicom.com\/noticias\/wp-json\/wp\/v2\/comments?post=8719"}],"version-history":[{"count":0,"href":"https:\/\/mussicom.com\/noticias\/wp-json\/wp\/v2\/posts\/8719\/revisions"}],"wp:featuredmedia":[{"embeddable":true,"href":"https:\/\/mussicom.com\/noticias\/wp-json\/wp\/v2\/media\/8720"}],"wp:attachment":[{"href":"https:\/\/mussicom.com\/noticias\/wp-json\/wp\/v2\/media?parent=8719"}],"wp:term":[{"taxonomy":"category","embeddable":true,"href":"https:\/\/mussicom.com\/noticias\/wp-json\/wp\/v2\/categories?post=8719"},{"taxonomy":"post_tag","embeddable":true,"href":"https:\/\/mussicom.com\/noticias\/wp-json\/wp\/v2\/tags?post=8719"}],"curies":[{"name":"wp","href":"https:\/\/api.w.org\/{rel}","templated":true}]}}