{"id":8716,"date":"2025-03-29T01:13:59","date_gmt":"2025-03-29T04:13:59","guid":{"rendered":"https:\/\/mussicom.com\/nao-e-apenas-um-batom\/"},"modified":"2025-03-29T01:13:59","modified_gmt":"2025-03-29T04:13:59","slug":"nao-e-apenas-um-batom","status":"publish","type":"post","link":"https:\/\/mussicom.com\/noticias\/nao-e-apenas-um-batom\/","title":{"rendered":"&#8216;N\u00e3o \u00e9 apenas um batom&#8217;"},"content":{"rendered":"<p> <br \/>\n<\/p>\n<div id=\"hd80s9wa1h892edh8192\">\n<p>A jornalista Natuza Nery, em coment\u00e1rio exibido pela GloboNews nesta sexta-feira, 28,  minimizou as cr\u00edticas \u00e0 pena imposta \u00e0 cabeleireira D\u00e9bora dos Santos e atribuiu a repercuss\u00e3o do caso \u00e0 \u201cextrema direita\u201d.<\/p>\n<p>Para a jornalista, \u201ca extrema direita se apegou ao caso da D\u00e9bora\u201d porque \u201cd\u00e1 rosto \u00e0 ideia de uma pena excessiva\u201d e \u00e0 \u201chip\u00f3tese de uma injusti\u00e7a\u201d.<\/p>\n<p><strong>+ Leia mais not\u00edcias de\u00a0Pol\u00edtica\u00a0em Oeste<\/strong><\/p>\n<p>Natuza sugeriu que, mesmo que a puni\u00e7\u00e3o pare\u00e7a desproporcional, haveria justificativas para tal. \u201cUma coisa \u00e9 n\u00f3s, no nosso senso comum, avaliarmos que a pena foi demais\u201d, observa. \u201cA outra coisa s\u00e3o as circunst\u00e2ncias dessa condena\u00e7\u00e3o ou do voto dos ministros.\u201d<\/p>\n<h2 class=\"wp-block-heading\">Para GloboNews, \u201cn\u00e3o \u00e9 apenas um batom\u201d<\/h2>\n<p>A frase \u201cn\u00e3o \u00e9 apenas um batom\u201d foi utilizada para rebater as cr\u00edticas \u00e0 condena\u00e7\u00e3o e para sugerir que D\u00e9bora n\u00e3o teria sido punida apenas por escrever na est\u00e1tua em frente ao Supremo Tribunal Federal, mas por fazer parte de algo maior.<\/p>\n<p><related-posts class=\"border-y border-gray-300 py-5\"><\/p>\n<h2 class=\"!text-2xl text-black font-primary font-semibold leading-none mb-3\">\n    Leia mais:<br \/>\n  <\/h2>\n<p><\/related-posts><\/p>\n<p>\u201cO fato de ela estar l\u00e1, no acampamento, e esse acampamento era sabidamente um movimento com fins de um golpe de Estado\u201d, disse Natuza. Por\u00e9m, n\u00e3o h\u00e1 provas de que todas as pessoas presentes no acampamento conspiravam para um golpe.<\/p>\n<p>Exemplo disso \u00e9 o caso do morador de rua Fl\u00e1vio Soldani, de 58 anos, preso pelo 8 de janeiro. Sem motiva\u00e7\u00e3o pol\u00edtica, Soldani frequentava os acampamentos montados nas cercanias do Quartel-General de Bras\u00edlia apenas para comer e dormir. <strong>Est\u00e1 preso at\u00e9 hoje<\/strong>.<\/p>\n<blockquote class=\"twitter-tweet\" data-media-max-width=\"560\">\n<p lang=\"pt\" dir=\"ltr\">\u201cA extrema direita se utiliza do caso da D\u00e9bora porque ele d\u00e1 rosto a uma demanda deles, de uma pena excessiva. A hist\u00f3ria do batom \u00e9 s\u00f3 um detalhe a mais dessa hist\u00f3ria. Quem n\u00e3o entrou nas sedes dos Tr\u00eas Poderes est\u00e1 em casa\u201d, diz <a href=\"https:\/\/twitter.com\/NatuzaNery?ref_src=twsrc%5Etfw\">@NatuzaNery<\/a> ap\u00f3s Moraes conceder pris\u00e3o\u2026 <a href=\"https:\/\/t.co\/6onPBqfGuW\">pic.twitter.com\/6onPBqfGuW<\/a><\/p>\n<p>\u2014 GloboNews (@GloboNews) <a href=\"https:\/\/twitter.com\/GloboNews\/status\/1905747853190062508?ref_src=twsrc%5Etfw\">March 28, 2025<\/a><\/p><\/blockquote>\n<p>A narrativa apresentada pela jornalista da GloboNews refor\u00e7a a tese de que estar no local j\u00e1 seria suficiente para uma condena\u00e7\u00e3o severa. \u201cEnt\u00e3o, quem estava frequentando o acampamento golpista estava porque se interessava num golpe de Estado\u201d, acusou Natuza. \u201cEle faz parte de uma prepara\u00e7\u00e3o de um golpe de Estado. A hist\u00f3ria do batom \u00e9 s\u00f3 um detalhe a mais dessa hist\u00f3ria.\u201d<\/p>\n<p>Natuza justificou o fato de que algumas pessoas foram liberadas ao aceitarem exig\u00eancias da Procuradoria-Geral da Rep\u00fablica. \u201cQuem aceitou o acordo de n\u00e3o persecu\u00e7\u00e3o penal, fez l\u00e1 um <strong>curso de democracia<\/strong>, essas pessoas est\u00e3o em casa\u201d, disse.<\/p>\n<p>Por fim, a jornalista reconheceu que D\u00e9bora tem direito \u00e0 pris\u00e3o domiciliar por ser m\u00e3e, conforme previsto na legisla\u00e7\u00e3o. \u201cN\u00e3o significa que n\u00e3o seja correta a pris\u00e3o domiciliar\u201d, disse. \u201cEla est\u00e1 em pris\u00e3o preventiva, tem filhos e a lei d\u00e1 a ela esse direito.\u201d<\/p>\n<p><strong>Leia tamb\u00e9m:\u00a0\u201cA anistia inevit\u00e1vel\u201d, artigo de Augusto Nunes e Branca Nunes publicado na Edi\u00e7\u00e3o 255 da Revista Oeste<\/strong><\/p>\n<\/p><\/div>\n<p><script async src=\"\/\/platform.twitter.com\/widgets.js\" charset=\"utf-8\"><\/script><br \/>\n<br \/><br \/>\n<br \/>Fonte: <a href=\"https:\/\/revistaoeste.com\/politica\/globonews-tenta-justificar-pena-de-debora-nao-e-apenas-um-batom\/\">Ag\u00eancia Brasil<\/a><\/p>\n","protected":false},"excerpt":{"rendered":"<p>A jornalista Natuza Nery, em coment\u00e1rio exibido pela GloboNews nesta sexta-feira, 28, minimizou as cr\u00edticas \u00e0 pena imposta \u00e0 cabeleireira D\u00e9bora dos Santos e atribuiu a repercuss\u00e3o do caso \u00e0 \u201cextrema direita\u201d. Para a jornalista, \u201ca extrema direita se apegou ao caso da D\u00e9bora\u201d porque \u201cd\u00e1 rosto \u00e0 ideia de uma pena excessiva\u201d e \u00e0 [&hellip;]<\/p>\n","protected":false},"author":5,"featured_media":8564,"comment_status":"open","ping_status":"open","sticky":false,"template":"","format":"standard","meta":{"_seopress_robots_primary_cat":"","_seopress_titles_title":"","_seopress_titles_desc":"","_seopress_robots_index":"","footnotes":""},"categories":[47,1],"tags":[],"class_list":["post-8716","post","type-post","status-publish","format-standard","has-post-thumbnail","hentry","category-politica","category-ultimas-noticias"],"_links":{"self":[{"href":"https:\/\/mussicom.com\/noticias\/wp-json\/wp\/v2\/posts\/8716","targetHints":{"allow":["GET"]}}],"collection":[{"href":"https:\/\/mussicom.com\/noticias\/wp-json\/wp\/v2\/posts"}],"about":[{"href":"https:\/\/mussicom.com\/noticias\/wp-json\/wp\/v2\/types\/post"}],"author":[{"embeddable":true,"href":"https:\/\/mussicom.com\/noticias\/wp-json\/wp\/v2\/users\/5"}],"replies":[{"embeddable":true,"href":"https:\/\/mussicom.com\/noticias\/wp-json\/wp\/v2\/comments?post=8716"}],"version-history":[{"count":0,"href":"https:\/\/mussicom.com\/noticias\/wp-json\/wp\/v2\/posts\/8716\/revisions"}],"wp:featuredmedia":[{"embeddable":true,"href":"https:\/\/mussicom.com\/noticias\/wp-json\/wp\/v2\/media\/8564"}],"wp:attachment":[{"href":"https:\/\/mussicom.com\/noticias\/wp-json\/wp\/v2\/media?parent=8716"}],"wp:term":[{"taxonomy":"category","embeddable":true,"href":"https:\/\/mussicom.com\/noticias\/wp-json\/wp\/v2\/categories?post=8716"},{"taxonomy":"post_tag","embeddable":true,"href":"https:\/\/mussicom.com\/noticias\/wp-json\/wp\/v2\/tags?post=8716"}],"curies":[{"name":"wp","href":"https:\/\/api.w.org\/{rel}","templated":true}]}}