{"id":8698,"date":"2025-03-28T23:05:18","date_gmt":"2025-03-29T02:05:18","guid":{"rendered":"https:\/\/mussicom.com\/trump-pede-a-suprema-corte-fim-do-bloqueio-a-deportacoes\/"},"modified":"2025-03-28T23:05:18","modified_gmt":"2025-03-29T02:05:18","slug":"trump-pede-a-suprema-corte-fim-do-bloqueio-a-deportacoes","status":"publish","type":"post","link":"https:\/\/mussicom.com\/noticias\/trump-pede-a-suprema-corte-fim-do-bloqueio-a-deportacoes\/","title":{"rendered":"Trump pede \u00e0 Suprema Corte fim do bloqueio a deporta\u00e7\u00f5es"},"content":{"rendered":"<p> <br \/>\n<\/p>\n<div id=\"hd80s9wa1h892edh8192\">\n<p>O presidente dos Estados Unidos, Donald Trump, solicitou \u00e0 Suprema Corte, nesta sexta-feira, 28, que permita as deporta\u00e7\u00f5es de venezuelanos do pa\u00eds. O republicano quer que os ministros revisem uma ordem que impede o uso da \u201cLei de Inimigos Estrangeiros\u201d para deportar os imigrantes ilegais, incluindo integrantes da gangue <strong>\u201cTren de Aragua\u201d<\/strong>.<\/p>\n<p>No pedido, os advogados do governo norte-americano alegam que decis\u00f5es de inst\u00e2ncias inferiores dificultam a pol\u00edtica de imigra\u00e7\u00e3o de Trump e prejudicam a capacidade do governo de \u201cproteger a na\u00e7\u00e3o contra organiza\u00e7\u00f5es terroristas estrangeiras\u201d. Al\u00e9m disso, eles afirmam que a medida compromete negocia\u00e7\u00f5es diplom\u00e1ticas sens\u00edveis.<\/p>\n<p><strong>Leia mais: \u201cTrump imp\u00f5e tarifas a pa\u00edses que comprarem petr\u00f3leo da Venezuela\u201d<\/strong><\/p>\n<p>A solicita\u00e7\u00e3o ocorre depois de a Corte de Apela\u00e7\u00f5es do Distrito de Col\u00fambia, por dois votos a um, manter a decis\u00e3o de primeira inst\u00e2ncia que suspendeu, por 14 dias, o uso da Lei de Inimigos Estrangeiros de 1798 para deporta\u00e7\u00f5es imediatas.<\/p>\n<p>O governo Trump j\u00e1 havia anunciado que recorreria \u00e0 Suprema Corte para tentar reverter a decis\u00e3o. A procuradora-geral interina dos EUA, Sarah Harris, argumentou que as ordens judiciais inferiores s\u00e3o \u201cfalhas\u201d e representam um risco de \u201cirrepar\u00e1vel dano\u201d.<\/p>\n<h2 class=\"wp-block-heading\">Trump pede ao menos suspens\u00e3o tempor\u00e1ria<\/h2>\n<p>O governo solicitou que, no m\u00ednimo, a Suprema Corte conceda uma suspens\u00e3o administrativa. Isso possibilitaria a continuidade das deporta\u00e7\u00f5es enquanto os ministros avaliam o o caso.<\/p>\n<figure class=\"wp-block-embed is-type-video is-provider-youtube wp-block-embed-youtube wp-embed-aspect-16-9 wp-has-aspect-ratio\">\n<div class=\"wp-block-embed__wrapper\">\n<div class=\"perfmatters-lazy-youtube\" data-src=\"https:\/\/www.youtube.com\/embed\/3QT0UWBh8h0\" data-id=\"3QT0UWBh8h0\" data-query=\"feature=oembed\" onclick=\"perfmattersLazyLoadYouTube(this);\">\n<div><img fetchpriority=\"high\" decoding=\"async\" src=\"https:\/\/i.ytimg.com\/vi\/3QT0UWBh8h0\/hqdefault.jpg\" alt=\"YouTube video\" width=\"480\" height=\"360\" data-pin-nopin=\"true\" nopin=\"nopin\"\/><\/div>\n<\/div>\n<p><noscript><iframe title=\"No Jap\u00e3o, Lula volta a atacar Donald Trump: &#039;N\u00e3o \u00e9 xerife do mundo\" width=\"800\" height=\"450\" src=\"https:\/\/www.youtube.com\/embed\/3QT0UWBh8h0?feature=oembed\" frameborder=\"0\" allow=\"accelerometer; autoplay; clipboard-write; encrypted-media; gyroscope; picture-in-picture; web-share\" referrerpolicy=\"strict-origin-when-cross-origin\" allowfullscreen><\/iframe><\/noscript>\n<\/div>\n<\/figure>\n<p>No pedido \u00e0 Suprema Corte, os advogados criticaram o aumento de ordens judiciais que bloqueiam pol\u00edticas-chave do governo. Tamb\u00e9m classificaram a decis\u00e3o de tribunais de inst\u00e2ncias inferiores como parte de um padr\u00e3o de \u201cgoverno por medidas cautelares\u201d.<\/p>\n<p>Desde a posse de Trump, h\u00e1 dois meses, Cortes distritais emitiram mais de 40 ordens de restri\u00e7\u00e3o ou liminares contra o governo.<\/p>\n<p><strong>+ Leia mais not\u00edcias de Mundo em Oeste<\/strong><\/p>\n<p>A <strong>Casa Branca<\/strong> manteve as cr\u00edticas \u00e0s decis\u00f5es judiciais. A secret\u00e1ria de imprensa, Karoline Leavitt, disse \u00e0 Fox News que se trata de uma \u201cviola\u00e7\u00e3o n\u00e3o autorizada\u201d da autoridade presidencial.<\/p>\n<p><related-posts class=\"border-y border-gray-300 py-5\"><\/p>\n<h2 class=\"!text-2xl text-black font-primary font-semibold leading-none mb-3\">\n    Leia tamb\u00e9m:<br \/>\n  <\/h2>\n<p><\/related-posts><\/p><\/div>\n<p><br \/>\n<br \/>Fonte: <a href=\"https:\/\/revistaoeste.com\/mundo\/trump-pede-que-suprema-corte-permita-deportacoes-de-venezuelanos\/\">Revista Oeste<\/a><\/p>\n","protected":false},"excerpt":{"rendered":"<p>O presidente dos Estados Unidos, Donald Trump, solicitou \u00e0 Suprema Corte, nesta sexta-feira, 28, que permita as deporta\u00e7\u00f5es de venezuelanos do pa\u00eds. O republicano quer que os ministros revisem uma ordem que impede o uso da \u201cLei de Inimigos Estrangeiros\u201d para deportar os imigrantes ilegais, incluindo integrantes da gangue \u201cTren de Aragua\u201d. No pedido, os [&hellip;]<\/p>\n","protected":false},"author":5,"featured_media":8699,"comment_status":"open","ping_status":"open","sticky":false,"template":"","format":"standard","meta":{"_seopress_robots_primary_cat":"","_seopress_titles_title":"","_seopress_titles_desc":"","_seopress_robots_index":"","footnotes":""},"categories":[48],"tags":[],"class_list":["post-8698","post","type-post","status-publish","format-standard","has-post-thumbnail","hentry","category-internacional"],"_links":{"self":[{"href":"https:\/\/mussicom.com\/noticias\/wp-json\/wp\/v2\/posts\/8698","targetHints":{"allow":["GET"]}}],"collection":[{"href":"https:\/\/mussicom.com\/noticias\/wp-json\/wp\/v2\/posts"}],"about":[{"href":"https:\/\/mussicom.com\/noticias\/wp-json\/wp\/v2\/types\/post"}],"author":[{"embeddable":true,"href":"https:\/\/mussicom.com\/noticias\/wp-json\/wp\/v2\/users\/5"}],"replies":[{"embeddable":true,"href":"https:\/\/mussicom.com\/noticias\/wp-json\/wp\/v2\/comments?post=8698"}],"version-history":[{"count":0,"href":"https:\/\/mussicom.com\/noticias\/wp-json\/wp\/v2\/posts\/8698\/revisions"}],"wp:featuredmedia":[{"embeddable":true,"href":"https:\/\/mussicom.com\/noticias\/wp-json\/wp\/v2\/media\/8699"}],"wp:attachment":[{"href":"https:\/\/mussicom.com\/noticias\/wp-json\/wp\/v2\/media?parent=8698"}],"wp:term":[{"taxonomy":"category","embeddable":true,"href":"https:\/\/mussicom.com\/noticias\/wp-json\/wp\/v2\/categories?post=8698"},{"taxonomy":"post_tag","embeddable":true,"href":"https:\/\/mussicom.com\/noticias\/wp-json\/wp\/v2\/tags?post=8698"}],"curies":[{"name":"wp","href":"https:\/\/api.w.org\/{rel}","templated":true}]}}