{"id":8643,"date":"2025-03-28T17:54:43","date_gmt":"2025-03-28T20:54:43","guid":{"rendered":"https:\/\/mussicom.com\/moraes-arquiva-inquerito-contra-bolsonaro-sobre-vacina\/"},"modified":"2025-03-28T17:54:43","modified_gmt":"2025-03-28T20:54:43","slug":"moraes-arquiva-inquerito-contra-bolsonaro-sobre-vacina","status":"publish","type":"post","link":"https:\/\/mussicom.com\/noticias\/moraes-arquiva-inquerito-contra-bolsonaro-sobre-vacina\/","title":{"rendered":"Moraes arquiva inqu\u00e9rito contra Bolsonaro sobre vacina"},"content":{"rendered":"<p> <br \/>\n<\/p>\n<div id=\"hd80s9wa1h892edh8192\">\n<p>Nesta sexta-feira, 28, o ministro Alexandre de Moraes, do <strong>Supremo Tribunal Federal (STF),<\/strong> arquivou o inqu\u00e9rito contra Jair Bolsonaro que apurava suposto esquema de falsifica\u00e7\u00e3o na carteirinha de vacina contra a covid-19 do ex-presidente. A den\u00fancia havia sido feita pelo tenente-coronel Mauro Cid, ajudante de ordens do governo Bolsonaro.<\/p>\n<p>Moraes tomou a decis\u00e3o, <strong>depois de um parecer do procurador-geral da Rep\u00fablica (PGR), Paulo Gonet, pelo encerramento do caso.<\/strong><\/p>\n<p>De acordo com Gonet, n\u00e3o h\u00e1 provas que confirmem o que disse Cid em dela\u00e7\u00e3o.<\/p>\n<p>\u201cTendo o Minist\u00e9rio P\u00fablico requerido o arquivamento no prazo legal, n\u00e3o cabe a\u00e7\u00e3o privada subsidi\u00e1ria, ou a t\u00edtulo origin\u00e1rio (CPP, art. 29; CF, art. 5\u00ba, LIX), sendo essa manifesta\u00e7\u00e3o irretrat\u00e1vel, salvo no surgimento de novas provas\u201d, escreveu Moraes. \u201cDiante do exposto, acolho a manifesta\u00e7\u00e3o da PGR.\u201d<\/p>\n<h2 class=\"wp-block-heading\">Investiga\u00e7\u00e3o contra Bolsonaro por suposta fraude em carteirinha de vacina<\/h2>\n<figure class=\"wp-block-image size-full\"><picture><source data-srcset=\"https:\/\/medias.revistaoeste.com\/wp-content\/uploads\/2024\/10\/stj-1-1.jpeg.webp 700w, https:\/\/medias.revistaoeste.com\/wp-content\/uploads\/2024\/10\/stj-1-1-300x200.jpeg.webp 300w, https:\/\/medias.revistaoeste.com\/wp-content\/uploads\/2024\/10\/stj-1-1-150x100.jpeg.webp 150w\" data-sizes=\"(max-width: 700px) 100vw, 700px\" type=\"image\/webp\"><img fetchpriority=\"high\" decoding=\"async\" width=\"700\" height=\"467\" src=\"https:\/\/medias.revistaoeste.com\/wp-content\/uploads\/2024\/10\/stj-1-1.jpeg\" alt=\"Agentes da Pol\u00edcia Federal fazem buscas e apreens\u00f5es em mais tr\u00eas estados, al\u00e9m do Distrito Federal: justi\u00e7a decreta afastamento inicial dos acusados por 180 dias | Foto: PF\/Divulga\u00e7\u00e3o - delegados da pol\u00edcia federal\" class=\"wp-image-1708750\" srcset=\"https:\/\/medias.revistaoeste.com\/wp-content\/uploads\/2024\/10\/stj-1-1.jpeg 700w, https:\/\/medias.revistaoeste.com\/wp-content\/uploads\/2024\/10\/stj-1-1-300x200.jpeg 300w, https:\/\/medias.revistaoeste.com\/wp-content\/uploads\/2024\/10\/stj-1-1-150x100.jpeg 150w\" sizes=\"(max-width: 700px) 100vw, 700px\" data-eio=\"p\"\/><\/source><\/picture><figcaption class=\"wp-element-caption\">Agentes da Pol\u00edcia Federal (PF), durante uma opera\u00e7\u00e3o | Foto: PF\/Divulga\u00e7\u00e3o<\/figcaption><\/figure>\n<p>Conforme a PF, dados falsos sobre o imunizante foram inseridos na carteirinha do ex-presidente. Dias depois, contudo, as informa\u00e7\u00f5es teriam sido exclu\u00eddas do sistema do Minist\u00e9rio da Sa\u00fade.<\/p>\n<p>A PF chegou a indiciar Bolsonaro, o deputado Gutemberg Reis (MDB-RJ), Cid e outras 14 pessoas por associa\u00e7\u00e3o criminosa e inser\u00e7\u00e3o de dados falsos a respeito da vacina\u00e7\u00e3o.<\/p>\n<p>Quanto a Gutenberg, a PGR observou que \u201ch\u00e1 consider\u00e1veis elementos de convic\u00e7\u00e3o no sentido de que ele efetivamente se vacinou contra a covid-19 e que h\u00e1, mais ainda, postagens suas, em redes sociais, de incentivo p\u00fablico \u00e0 imuniza\u00e7\u00e3o\u201d.<\/p>\n<p><strong>Leia tamb\u00e9m: \u201cA farsa do golpe\u201d, reportagem publicada na Edi\u00e7\u00e3o 257 da Revista Oeste<\/strong><\/p>\n<\/p><\/div>\n<p><br \/>\n<br \/>Fonte: <a href=\"https:\/\/revistaoeste.com\/politica\/moraes-arquiva-inquerito-contra-bolsonaro-por-suposta-fraude-em-cartao-de-vacina\/\">Ag\u00eancia Brasil<\/a><\/p>\n","protected":false},"excerpt":{"rendered":"<p>Nesta sexta-feira, 28, o ministro Alexandre de Moraes, do Supremo Tribunal Federal (STF), arquivou o inqu\u00e9rito contra Jair Bolsonaro que apurava suposto esquema de falsifica\u00e7\u00e3o na carteirinha de vacina contra a covid-19 do ex-presidente. A den\u00fancia havia sido feita pelo tenente-coronel Mauro Cid, ajudante de ordens do governo Bolsonaro. Moraes tomou a decis\u00e3o, depois de [&hellip;]<\/p>\n","protected":false},"author":5,"featured_media":8644,"comment_status":"open","ping_status":"open","sticky":false,"template":"","format":"standard","meta":{"_seopress_robots_primary_cat":"","_seopress_titles_title":"","_seopress_titles_desc":"","_seopress_robots_index":"","footnotes":""},"categories":[47,1],"tags":[],"class_list":["post-8643","post","type-post","status-publish","format-standard","has-post-thumbnail","hentry","category-politica","category-ultimas-noticias"],"_links":{"self":[{"href":"https:\/\/mussicom.com\/noticias\/wp-json\/wp\/v2\/posts\/8643","targetHints":{"allow":["GET"]}}],"collection":[{"href":"https:\/\/mussicom.com\/noticias\/wp-json\/wp\/v2\/posts"}],"about":[{"href":"https:\/\/mussicom.com\/noticias\/wp-json\/wp\/v2\/types\/post"}],"author":[{"embeddable":true,"href":"https:\/\/mussicom.com\/noticias\/wp-json\/wp\/v2\/users\/5"}],"replies":[{"embeddable":true,"href":"https:\/\/mussicom.com\/noticias\/wp-json\/wp\/v2\/comments?post=8643"}],"version-history":[{"count":0,"href":"https:\/\/mussicom.com\/noticias\/wp-json\/wp\/v2\/posts\/8643\/revisions"}],"wp:featuredmedia":[{"embeddable":true,"href":"https:\/\/mussicom.com\/noticias\/wp-json\/wp\/v2\/media\/8644"}],"wp:attachment":[{"href":"https:\/\/mussicom.com\/noticias\/wp-json\/wp\/v2\/media?parent=8643"}],"wp:term":[{"taxonomy":"category","embeddable":true,"href":"https:\/\/mussicom.com\/noticias\/wp-json\/wp\/v2\/categories?post=8643"},{"taxonomy":"post_tag","embeddable":true,"href":"https:\/\/mussicom.com\/noticias\/wp-json\/wp\/v2\/tags?post=8643"}],"curies":[{"name":"wp","href":"https:\/\/api.w.org\/{rel}","templated":true}]}}