{"id":8601,"date":"2025-03-28T14:48:06","date_gmt":"2025-03-28T17:48:06","guid":{"rendered":"https:\/\/www.mussicom.com\/moraes-pressiona-kassab-contra-a-anistia\/"},"modified":"2025-03-28T14:48:06","modified_gmt":"2025-03-28T17:48:06","slug":"moraes-pressiona-kassab-contra-a-anistia","status":"publish","type":"post","link":"https:\/\/mussicom.com\/noticias\/moraes-pressiona-kassab-contra-a-anistia\/","title":{"rendered":"Moraes pressiona Kassab contra a anistia"},"content":{"rendered":"<p> <br \/>\n<\/p>\n<div id=\"hd80s9wa1h892edh8192\">\n<p>O ministro Alexandre de Moraes, relator do inqu\u00e9rito do <strong>Supremo Tribunal Federal (STF)<\/strong> sobre uma suposta tentativa de golpe de Estado, quer pressionar o presidente do PSD, <strong>Gilberto Kassab<\/strong>, a n\u00e3o apoiar o projeto de anistia para os condenados pelos atos do 8 de janeiro. A nova arma para executar essa press\u00e3o pol\u00edtica \u00e9 uma manobra judicial do \u00faltimo dia 19.<\/p>\n<p><strong>+ Leia mais not\u00edcias de <\/strong><strong>Pol\u00edtica<\/strong><strong> em Oeste<\/strong><\/p>\n<p>Moraes ordenou que uma investiga\u00e7\u00e3o da Lava Jato contra Kassab por corrup\u00e7\u00e3o passiva, caixa dois e lavagem de dinheiro retornasse para o STF, para ser relatada por ele novamente. O pr\u00f3prio ministro havia enviado o inqu\u00e9rito para a Justi\u00e7a Eleitoral de S\u00e3o Paulo, em 2019. A den\u00fancia do Minist\u00e9rio P\u00fablico contra o l\u00edder do PSD foi aceita em 2021, o que tornou Kassab r\u00e9u.\u00a0<\/p>\n<figure class=\"wp-block-image aligncenter size-full\"><picture><source data-srcset=\"https:\/\/medias.revistaoeste.com\/wp-content\/uploads\/2025\/02\/Bolsonaro-e-Kassab.jpg.webp 700w, https:\/\/medias.revistaoeste.com\/wp-content\/uploads\/2025\/02\/Bolsonaro-e-Kassab-300x200.jpg.webp 300w, https:\/\/medias.revistaoeste.com\/wp-content\/uploads\/2025\/02\/Bolsonaro-e-Kassab-150x100.jpg.webp 150w\" data-sizes=\"(max-width: 700px) 100vw, 700px\" type=\"image\/webp\"><img fetchpriority=\"high\" decoding=\"async\" width=\"700\" height=\"466\" src=\"https:\/\/medias.revistaoeste.com\/wp-content\/uploads\/2025\/02\/Bolsonaro-e-Kassab.jpg\" alt=\"Bolsonaro e Kassab\" class=\"wp-image-1885519\" srcset=\"https:\/\/medias.revistaoeste.com\/wp-content\/uploads\/2025\/02\/Bolsonaro-e-Kassab.jpg 700w, https:\/\/medias.revistaoeste.com\/wp-content\/uploads\/2025\/02\/Bolsonaro-e-Kassab-300x200.jpg 300w, https:\/\/medias.revistaoeste.com\/wp-content\/uploads\/2025\/02\/Bolsonaro-e-Kassab-150x100.jpg 150w\" sizes=\"(max-width: 700px) 100vw, 700px\" data-eio=\"p\"\/><\/source><\/picture><figcaption class=\"wp-element-caption\">Kassab durante encontro com o ent\u00e3o presidente Jair Bolsonaro, em 2019 | Foto: Marcos Correa\/Presid\u00eancia da Rep\u00fablica<\/figcaption><\/figure>\n<p>A decis\u00e3o de Moraes sobre trazer a investiga\u00e7\u00e3o de volta para as pr\u00f3prias m\u00e3os se apoia na <strong>mudan\u00e7a de entendimento do STF sobre o foro privilegiado<\/strong>. Pelo novo entendimento da Corte, o foro por prerrogativa de fun\u00e7\u00e3o segue v\u00e1lido mesmo depois de a autoridade deixar o cargo, se o crime tiver sido cometido durante o exerc\u00edcio da fun\u00e7\u00e3o e em raz\u00e3o dela.<\/p>\n<p>O inqu\u00e9rito contra Kassab apura um suposto recebimento de R$ 16 milh\u00f5es de propina da JBS, em troca de apoio pol\u00edtico. O presidente do PSD diz ter recebido o dinheiro por servi\u00e7os empresariais prestados quando estava fora do setor p\u00fablico.\u00a0<\/p>\n<h2 class=\"wp-block-heading\"><strong>Integrantes dos Tr\u00eas Poderes veem manobra de Moraes como press\u00e3o a Kassab<\/strong><\/h2>\n<p>Fontes do Judici\u00e1rio disseram ao portal Metr\u00f3poles que o novo despacho de Moraes \u00e9 uma forma de pressionar Kassab e o PSD a n\u00e3o apoiarem a anistia, algo que lideran\u00e7as do partido vinham sinalizando fazer. O presidente da sigla se reuniu com o ex-presidente Jair Bolsonaro em fevereiro, no Pal\u00e1cio dos Bandeirantes, sede do governo paulista, para debater o apoio ao projeto.\u00a0<\/p>\n<figure class=\"wp-block-image aligncenter size-full\"><picture><source data-srcset=\"https:\/\/medias.revistaoeste.com\/wp-content\/uploads\/2025\/03\/Moraes-4.jpg.webp 1038w, https:\/\/medias.revistaoeste.com\/wp-content\/uploads\/2025\/03\/Moraes-4-300x181.jpg.webp 300w, https:\/\/medias.revistaoeste.com\/wp-content\/uploads\/2025\/03\/Moraes-4-232x141.jpg.webp 232w, https:\/\/medias.revistaoeste.com\/wp-content\/uploads\/2025\/03\/Moraes-4-150x91.jpg.webp 150w\" data-sizes=\"(max-width: 1038px) 100vw, 1038px\" type=\"image\/webp\"><img decoding=\"async\" width=\"1038\" height=\"627\" alt=\"Moraes v\u00eddeos\" class=\"wp-image-1936392 perfmatters-lazy\" data-eio=\"p\" src=\"https:\/\/medias.revistaoeste.com\/wp-content\/uploads\/2025\/03\/Moraes-4.jpg\" srcset=\"https:\/\/medias.revistaoeste.com\/wp-content\/uploads\/2025\/03\/Moraes-4.jpg 1038w, https:\/\/medias.revistaoeste.com\/wp-content\/uploads\/2025\/03\/Moraes-4-300x181.jpg 300w, https:\/\/medias.revistaoeste.com\/wp-content\/uploads\/2025\/03\/Moraes-4-232x141.jpg 232w, https:\/\/medias.revistaoeste.com\/wp-content\/uploads\/2025\/03\/Moraes-4-150x91.jpg 150w\" data-sizes=\"(max-width: 1038px) 100vw, 1038px\"\/><img decoding=\"async\" width=\"1038\" height=\"627\" src=\"https:\/\/medias.revistaoeste.com\/wp-content\/uploads\/2025\/03\/Moraes-4.jpg\" alt=\"Moraes v\u00eddeos\" class=\"wp-image-1936392\" srcset=\"https:\/\/medias.revistaoeste.com\/wp-content\/uploads\/2025\/03\/Moraes-4.jpg 1038w, https:\/\/medias.revistaoeste.com\/wp-content\/uploads\/2025\/03\/Moraes-4-300x181.jpg 300w, https:\/\/medias.revistaoeste.com\/wp-content\/uploads\/2025\/03\/Moraes-4-232x141.jpg 232w, https:\/\/medias.revistaoeste.com\/wp-content\/uploads\/2025\/03\/Moraes-4-150x91.jpg 150w\" sizes=\"(max-width: 1038px) 100vw, 1038px\" data-eio=\"p\"\/><\/source><\/picture><figcaption class=\"wp-element-caption\">Alexandre de Moraes, durante julgamento do recebimento da den\u00fancia contra Bolsonaro \u2013 26\/03\/2025 | Foto: Reprodu\u00e7\u00e3o\/YouTube<\/figcaption><\/figure>\n<p>Em discurso no ato de apoio \u00e0 anistia que aconteceu em 16 de mar\u00e7o, em Copacabana (RJ), Bolsonaro falou sobre o encontro. \u201cH\u00e1 poucos dias tinha um velho problema e resolvi com o Kassab, em S\u00e3o Paulo\u201d, disse o ex-presidente. \u201cEle est\u00e1 ao nosso lado com a sua bancada para aprovar a anistia em Bras\u00edlia. Todos os partidos est\u00e3o vindo.\u201d<\/p>\n<p>J\u00e1 integrantes do Pal\u00e1cio do Planalto e lideran\u00e7as do PT disseram ao Metr\u00f3poles que apostam na efic\u00e1cia da press\u00e3o de Moraes sobre Kassab. Na avalia\u00e7\u00e3o dessas pessoas, outras legendas do centr\u00e3o tamb\u00e9m n\u00e3o devem se engajar no projeto da anistia.\u00a0<\/p>\n<p>O argumento \u00e9 que muitos deputados desses partidos t\u00eam pend\u00eancias no STF e, por isso, n\u00e3o v\u00e3o querer irritar ministros da Corte.<\/p>\n<figure class=\"wp-block-image aligncenter size-full\"><picture><source data-srcset=\"https:\/\/medias.revistaoeste.com\/wp-content\/uploads\/2025\/03\/Bolsonaro-5-1.jpg.webp 1600w, https:\/\/medias.revistaoeste.com\/wp-content\/uploads\/2025\/03\/Bolsonaro-5-1-300x200.jpg.webp 300w, https:\/\/medias.revistaoeste.com\/wp-content\/uploads\/2025\/03\/Bolsonaro-5-1-150x100.jpg.webp 150w\" data-sizes=\"(max-width: 1600px) 100vw, 1600px\" type=\"image\/webp\"><img alt=\"\" loading=\"lazy\" decoding=\"async\" width=\"1600\" height=\"1066\" alt=\"\" class=\"wp-image-1939026 perfmatters-lazy\" data-eio=\"p\" src=\"https:\/\/medias.revistaoeste.com\/wp-content\/uploads\/2025\/03\/Bolsonaro-5-1.jpg\" srcset=\"https:\/\/medias.revistaoeste.com\/wp-content\/uploads\/2025\/03\/Bolsonaro-5-1.jpg 1600w, https:\/\/medias.revistaoeste.com\/wp-content\/uploads\/2025\/03\/Bolsonaro-5-1-300x200.jpg 300w, https:\/\/medias.revistaoeste.com\/wp-content\/uploads\/2025\/03\/Bolsonaro-5-1-150x100.jpg 150w\" data-sizes=\"(max-width: 1600px) 100vw, 1600px\"\/><img alt=\"\" loading=\"lazy\" decoding=\"async\" width=\"1600\" height=\"1066\" src=\"https:\/\/medias.revistaoeste.com\/wp-content\/uploads\/2025\/03\/Bolsonaro-5-1.jpg\" alt=\"\" class=\"wp-image-1939026\" srcset=\"https:\/\/medias.revistaoeste.com\/wp-content\/uploads\/2025\/03\/Bolsonaro-5-1.jpg 1600w, https:\/\/medias.revistaoeste.com\/wp-content\/uploads\/2025\/03\/Bolsonaro-5-1-300x200.jpg 300w, https:\/\/medias.revistaoeste.com\/wp-content\/uploads\/2025\/03\/Bolsonaro-5-1-150x100.jpg 150w\" sizes=\"(max-width: 1600px) 100vw, 1600px\" data-eio=\"p\"\/><\/source><\/picture><figcaption class=\"wp-element-caption\">Bolsonaro durante a manifesta\u00e7\u00e3o a favor da anistia em Copacabana | Foto: Igor Villas B\u00f4as\/Revista <b>Oeste<\/b><\/figcaption><\/figure>\n<p>Fontes do Planalto afirmam que Kassab \u201ctem experi\u00eancia o suficiente\u201d na pol\u00edtica para \u201cn\u00e3o querer comprar briga\u201d com o STF, especialmente com Moraes, com quem tem desaven\u00e7as h\u00e1 anos. Para auxiliares de Lula, o presidente do PSD tamb\u00e9m tem consci\u00eancia que um eventual apoio expl\u00edcito e formal dele ao projeto da anistia pode dividir internamente o partido, que tem tr\u00eas minist\u00e9rios no governo.\u00a0<\/p>\n<p>Nos bastidores do Congresso e do STF, o despacho tamb\u00e9m foi visto como uma forma de press\u00e3o sobre o PSD para n\u00e3o apoiar a anistia, diz o Metr\u00f3poles.\u00a0<\/p>\n<p>Lideran\u00e7as do partido, por sua vez, disseram que Kassab nunca prometeu a Bolsonaro apoiar a anistia e que teria sinalizado apenas que os parlamentares da sigla ser\u00e3o liberados para votar como quiserem.<\/p>\n<figure class=\"wp-block-image aligncenter size-full\"><picture><source data-srcset=\"https:\/\/medias.revistaoeste.com\/wp-content\/uploads\/2025\/03\/Manifestacao-01.jpg.webp 1280w, https:\/\/medias.revistaoeste.com\/wp-content\/uploads\/2025\/03\/Manifestacao-01-300x200.jpg.webp 300w, https:\/\/medias.revistaoeste.com\/wp-content\/uploads\/2025\/03\/Manifestacao-01-150x100.jpg.webp 150w\" data-sizes=\"(max-width: 1280px) 100vw, 1280px\" type=\"image\/webp\"><img loading=\"lazy\" decoding=\"async\" width=\"1280\" height=\"853\" alt=\"Manifestantes pedem anistia aos presos do 8 de janeiro | Foto: Igor Villas B\u00f4as\/Revista Oeste\" class=\"wp-image-1922543 perfmatters-lazy\" data-eio=\"p\" src=\"https:\/\/medias.revistaoeste.com\/wp-content\/uploads\/2025\/03\/Manifestacao-01.jpg\" srcset=\"https:\/\/medias.revistaoeste.com\/wp-content\/uploads\/2025\/03\/Manifestacao-01.jpg 1280w, https:\/\/medias.revistaoeste.com\/wp-content\/uploads\/2025\/03\/Manifestacao-01-300x200.jpg 300w, https:\/\/medias.revistaoeste.com\/wp-content\/uploads\/2025\/03\/Manifestacao-01-150x100.jpg 150w\" data-sizes=\"(max-width: 1280px) 100vw, 1280px\"\/><img loading=\"lazy\" decoding=\"async\" width=\"1280\" height=\"853\" src=\"https:\/\/medias.revistaoeste.com\/wp-content\/uploads\/2025\/03\/Manifestacao-01.jpg\" alt=\"Manifestantes pedem anistia aos presos do 8 de janeiro | Foto: Igor Villas B\u00f4as\/Revista Oeste\" class=\"wp-image-1922543\" srcset=\"https:\/\/medias.revistaoeste.com\/wp-content\/uploads\/2025\/03\/Manifestacao-01.jpg 1280w, https:\/\/medias.revistaoeste.com\/wp-content\/uploads\/2025\/03\/Manifestacao-01-300x200.jpg 300w, https:\/\/medias.revistaoeste.com\/wp-content\/uploads\/2025\/03\/Manifestacao-01-150x100.jpg 150w\" sizes=\"(max-width: 1280px) 100vw, 1280px\" data-eio=\"p\"\/><\/source><\/picture><figcaption class=\"wp-element-caption\">Manifestantes pedem anistia aos presos do 8 de janeiro | Foto: Igor Villas B\u00f4as\/Revista <b>Oeste<\/b><\/figcaption><\/figure>\n<h2 class=\"wp-block-heading\"><strong>Aliado de Bolsonaro promete pedir urg\u00eancia para tramita\u00e7\u00e3o da anistia<\/strong><\/h2>\n<p>O l\u00edder do PL na C\u00e2mara, S\u00f3stenes Cavalcante (RJ), que lidera a articula\u00e7\u00e3o do projeto da anistia, promete apresentar o requerimento de urg\u00eancia para tramita\u00e7\u00e3o do texto na reuni\u00e3o de l\u00edderes da Casa prevista para a pr\u00f3xima quinta-feira, 3. Em entrevista a <strong>Oeste <\/strong>no \u00faltimo dia 15, ele disse que j\u00e1 h\u00e1 votos favor\u00e1veis suficientes para aprovar a proposta.\u00a0<\/p>\n<p>O objetivo do deputado \u00e9 apresentar o pedido de urg\u00eancia com assinaturas de nove partidos. Na lista, al\u00e9m do PL, est\u00e3o parlamentares de Uni\u00e3o Brasil, PP, Republicanos, Novo, Podemos e PSDB.\u00a0<\/p>\n<p>O presidente da C\u00e2mara, Hugo Motta (Republicanos-PB), prometeu a S\u00f3stenes realizar uma reuni\u00e3o na pr\u00f3xima ter\u00e7a-feira, 1\u00ba, com partidos que apoiam a urg\u00eancia do projeto da anistia, conforme noticiado pelo Metr\u00f3poles.<\/p>\n<p><related-posts class=\"border-y border-gray-300 py-5\"><\/p>\n<h2 class=\"!text-2xl text-black font-primary font-semibold leading-none mb-3\">\n    Leia tamb\u00e9m:<br \/>\n  <\/h2>\n<p><\/related-posts><\/p><\/div>\n<p><br \/>\n<br \/>Fonte: <a href=\"https:\/\/www.revistaoeste.com\/politica\/moraes-pressiona-kassab-contra-a-anistia\/\">Ag\u00eancia Brasil<\/a><\/p>\n","protected":false},"excerpt":{"rendered":"<p>O ministro Alexandre de Moraes, relator do inqu\u00e9rito do Supremo Tribunal Federal (STF) sobre uma suposta tentativa de golpe de Estado, quer pressionar o presidente do PSD, Gilberto Kassab, a n\u00e3o apoiar o projeto de anistia para os condenados pelos atos do 8 de janeiro. A nova arma para executar essa press\u00e3o pol\u00edtica \u00e9 uma [&hellip;]<\/p>\n","protected":false},"author":5,"featured_media":8602,"comment_status":"open","ping_status":"open","sticky":false,"template":"","format":"standard","meta":{"_seopress_robots_primary_cat":"","_seopress_titles_title":"","_seopress_titles_desc":"","_seopress_robots_index":"","footnotes":""},"categories":[47,1],"tags":[],"class_list":["post-8601","post","type-post","status-publish","format-standard","has-post-thumbnail","hentry","category-politica","category-ultimas-noticias"],"_links":{"self":[{"href":"https:\/\/mussicom.com\/noticias\/wp-json\/wp\/v2\/posts\/8601","targetHints":{"allow":["GET"]}}],"collection":[{"href":"https:\/\/mussicom.com\/noticias\/wp-json\/wp\/v2\/posts"}],"about":[{"href":"https:\/\/mussicom.com\/noticias\/wp-json\/wp\/v2\/types\/post"}],"author":[{"embeddable":true,"href":"https:\/\/mussicom.com\/noticias\/wp-json\/wp\/v2\/users\/5"}],"replies":[{"embeddable":true,"href":"https:\/\/mussicom.com\/noticias\/wp-json\/wp\/v2\/comments?post=8601"}],"version-history":[{"count":0,"href":"https:\/\/mussicom.com\/noticias\/wp-json\/wp\/v2\/posts\/8601\/revisions"}],"wp:featuredmedia":[{"embeddable":true,"href":"https:\/\/mussicom.com\/noticias\/wp-json\/wp\/v2\/media\/8602"}],"wp:attachment":[{"href":"https:\/\/mussicom.com\/noticias\/wp-json\/wp\/v2\/media?parent=8601"}],"wp:term":[{"taxonomy":"category","embeddable":true,"href":"https:\/\/mussicom.com\/noticias\/wp-json\/wp\/v2\/categories?post=8601"},{"taxonomy":"post_tag","embeddable":true,"href":"https:\/\/mussicom.com\/noticias\/wp-json\/wp\/v2\/tags?post=8601"}],"curies":[{"name":"wp","href":"https:\/\/api.w.org\/{rel}","templated":true}]}}