{"id":8573,"date":"2025-03-28T12:46:01","date_gmt":"2025-03-28T15:46:01","guid":{"rendered":"https:\/\/mussicom.com\/moraes-exige-esclarecimentos-sobre-saida-de-leo-indio-do-brasil\/"},"modified":"2025-03-28T12:46:01","modified_gmt":"2025-03-28T15:46:01","slug":"moraes-exige-esclarecimentos-sobre-saida-de-leo-indio-do-brasil","status":"publish","type":"post","link":"https:\/\/mussicom.com\/noticias\/moraes-exige-esclarecimentos-sobre-saida-de-leo-indio-do-brasil\/","title":{"rendered":"Moraes exige esclarecimentos sobre sa\u00edda de L\u00e9o \u00cdndio do Brasil"},"content":{"rendered":"<p> <br \/>\n<\/p>\n<div id=\"hd80s9wa1h892edh8192\">\n<p>O ministro Alexandre de Moraes, do Supremo Tribunal Federal (STF), determinou que a defesa de L\u00e9o \u00cdndio preste esclarecimentos em at\u00e9 48 horas sobre sua sa\u00edda do Brasil para a Argentina. <\/p>\n<p>A decis\u00e3o foi influenciada por um v\u00eddeo divulgado pela r\u00e1dio Massa FM Cascavel em que L\u00e9o \u00cdndio, primo dos filhos de Jair Bolsonaro (PL), afirma estar fora do pa\u00eds h\u00e1 mais de 20 dias.<\/p>\n<blockquote class=\"twitter-tweet\" data-media-max-width=\"560\">\n<p lang=\"pt\" dir=\"ltr\">\ud83d\udea8URGENTE \u2013 Alexandre de Moraes d\u00e1 48 horas para a defesa de L\u00e9o \u00cdndio, sobrinho de Bolsonaro, esclarecer se ele est\u00e1 fora do Brasil <\/p>\n<p>A decis\u00e3o se deu ap\u00f3s entrevista em que ele diz que estar na Argentina. O STF j\u00e1 tem maioria para torn\u00e1-lo r\u00e9u pelos atos do dia 8. Veja trecho. <a href=\"https:\/\/t.co\/txIB5dtjge\">pic.twitter.com\/txIB5dtjge<\/a><\/p>\n<p>\u2014 SPACE LIBERDADE \uea00 (@NewsLiberdade) <a href=\"https:\/\/twitter.com\/NewsLiberdade\/status\/1905585995723997626?ref_src=twsrc%5Etfw\">March 28, 2025<\/a><\/p><\/blockquote>\n<p>Ele deixou o Brasil depois de a 1\u00aa Turma do STF avan\u00e7ar na den\u00fancia contra ele por envolvimento nos incidentes de 8 de janeiro. Ele enfrenta acusa\u00e7\u00f5es de associa\u00e7\u00e3o criminosa, tentativa de golpe de Estado, entre outros crimes.<\/p>\n<h2 class=\"wp-block-heading\">A\u00e7\u00e3o no STF<\/h2>\n<p>Apesar de n\u00e3o estar proibido de sair do pa\u00eds, L\u00e9o \u00cdndio est\u00e1 sujeito a medidas cautelares, incluindo o bloqueio de suas contas banc\u00e1rias e perfis em redes sociais. No mesmo per\u00edodo, a 1\u00aa Turma do STF decidiu, por maioria, rejeitar um recurso da defesa de L\u00e9o \u00cdndio.<\/p>\n<p>A medida confirmou a abertura de uma a\u00e7\u00e3o penal contra ele, conforme decis\u00e3o de fevereiro. A defesa, contatada pela TV Globo, optou por n\u00e3o comentar o paradeiro do primo dos filhos de Bolsonaro.<\/p>\n<h2 class=\"wp-block-heading\">Cr\u00edticas de L\u00e9o \u00cdndio<\/h2>\n<figure class=\"wp-block-image aligncenter size-full is-resized\"><picture><source data-srcset=\"https:\/\/medias.revistaoeste.com\/wp-content\/uploads\/2025\/01\/leo-indio.jpg.webp 1265w, https:\/\/medias.revistaoeste.com\/wp-content\/uploads\/2025\/01\/leo-indio-300x180.jpg.webp 300w, https:\/\/medias.revistaoeste.com\/wp-content\/uploads\/2025\/01\/leo-indio-150x90.jpg.webp 150w\" data-sizes=\"(max-width: 1265px) 100vw, 1265px\" type=\"image\/webp\"><img fetchpriority=\"high\" decoding=\"async\" width=\"1265\" height=\"760\" src=\"https:\/\/medias.revistaoeste.com\/wp-content\/uploads\/2025\/01\/leo-indio.jpg\" alt=\"l\u00e9o \u00edndio\" class=\"wp-image-1846526\" style=\"width:603px;height:auto\" srcset=\"https:\/\/medias.revistaoeste.com\/wp-content\/uploads\/2025\/01\/leo-indio.jpg 1265w, https:\/\/medias.revistaoeste.com\/wp-content\/uploads\/2025\/01\/leo-indio-300x180.jpg 300w, https:\/\/medias.revistaoeste.com\/wp-content\/uploads\/2025\/01\/leo-indio-150x90.jpg 150w\" sizes=\"(max-width: 1265px) 100vw, 1265px\" data-eio=\"p\"\/><\/source><\/picture><figcaption class=\"wp-element-caption\">L\u00e9o \u00cdndio e seu tio Bolsonaro | Foto: Reprodu\u00e7\u00e3o\/Instagram<\/figcaption><\/figure>\n<p>No v\u00eddeo, L\u00e9o \u00cdndio expressa preocupa\u00e7\u00e3o sobre a possibilidade de ser preso ao renovar sua permiss\u00e3o de estadia na Argentina, a cada tr\u00eas meses. <\/p>\n<p>Ele critica o Partido Liberal e outros partidos de direita, al\u00e9m do presidente da C\u00e2mara, Hugo Motta (Republicanos-PB), e alega que esses n\u00e3o priorizam o projeto de lei que anistia apoiadores de Bolsonaro que sofreram penalidades pelos ocorridos em 8 de janeiro.<\/p>\n<p>Ele sugere que, se a anistia fosse priorit\u00e1ria, os 92 deputados do PL e outros de direita paralisariam as vota\u00e7\u00f5es na C\u00e2mara. <\/p>\n<p>Na quarta-feira anterior, depois de o STF transformar Jair Bolsonaro e aliados em r\u00e9us por tentativa de golpe, o PL realizou uma manobra para obstruir uma sess\u00e3o da C\u00e2mara, impedindo a an\u00e1lise de novas propostas.<\/p>\n<p><strong>+ Leia mais not\u00edcias de Pol\u00edtica em Oeste<\/strong><\/p>\n<\/p><\/div>\n<p><script async src=\"\/\/platform.twitter.com\/widgets.js\" charset=\"utf-8\"><\/script><br \/>\n<br \/><br \/>\n<br \/>Fonte: <a href=\"https:\/\/revistaoeste.com\/politica\/moraes-exige-esclarecimentos-sobre-saida-de-leo-indio-do-brasil\/\">Ag\u00eancia Brasil<\/a><\/p>\n","protected":false},"excerpt":{"rendered":"<p>O ministro Alexandre de Moraes, do Supremo Tribunal Federal (STF), determinou que a defesa de L\u00e9o \u00cdndio preste esclarecimentos em at\u00e9 48 horas sobre sua sa\u00edda do Brasil para a Argentina. A decis\u00e3o foi influenciada por um v\u00eddeo divulgado pela r\u00e1dio Massa FM Cascavel em que L\u00e9o \u00cdndio, primo dos filhos de Jair Bolsonaro (PL), [&hellip;]<\/p>\n","protected":false},"author":5,"featured_media":8574,"comment_status":"open","ping_status":"open","sticky":false,"template":"","format":"standard","meta":{"_seopress_robots_primary_cat":"","_seopress_titles_title":"","_seopress_titles_desc":"","_seopress_robots_index":"","footnotes":""},"categories":[47,1],"tags":[],"class_list":["post-8573","post","type-post","status-publish","format-standard","has-post-thumbnail","hentry","category-politica","category-ultimas-noticias"],"_links":{"self":[{"href":"https:\/\/mussicom.com\/noticias\/wp-json\/wp\/v2\/posts\/8573","targetHints":{"allow":["GET"]}}],"collection":[{"href":"https:\/\/mussicom.com\/noticias\/wp-json\/wp\/v2\/posts"}],"about":[{"href":"https:\/\/mussicom.com\/noticias\/wp-json\/wp\/v2\/types\/post"}],"author":[{"embeddable":true,"href":"https:\/\/mussicom.com\/noticias\/wp-json\/wp\/v2\/users\/5"}],"replies":[{"embeddable":true,"href":"https:\/\/mussicom.com\/noticias\/wp-json\/wp\/v2\/comments?post=8573"}],"version-history":[{"count":0,"href":"https:\/\/mussicom.com\/noticias\/wp-json\/wp\/v2\/posts\/8573\/revisions"}],"wp:featuredmedia":[{"embeddable":true,"href":"https:\/\/mussicom.com\/noticias\/wp-json\/wp\/v2\/media\/8574"}],"wp:attachment":[{"href":"https:\/\/mussicom.com\/noticias\/wp-json\/wp\/v2\/media?parent=8573"}],"wp:term":[{"taxonomy":"category","embeddable":true,"href":"https:\/\/mussicom.com\/noticias\/wp-json\/wp\/v2\/categories?post=8573"},{"taxonomy":"post_tag","embeddable":true,"href":"https:\/\/mussicom.com\/noticias\/wp-json\/wp\/v2\/tags?post=8573"}],"curies":[{"name":"wp","href":"https:\/\/api.w.org\/{rel}","templated":true}]}}