{"id":8555,"date":"2025-03-28T11:03:11","date_gmt":"2025-03-28T14:03:11","guid":{"rendered":"https:\/\/mussicom.com\/preco-do-ovo-de-galinha-subiu-quase-20-de-fevereiro-a-marco\/"},"modified":"2025-03-28T11:03:11","modified_gmt":"2025-03-28T14:03:11","slug":"preco-do-ovo-de-galinha-subiu-quase-20-de-fevereiro-a-marco","status":"publish","type":"post","link":"https:\/\/mussicom.com\/noticias\/preco-do-ovo-de-galinha-subiu-quase-20-de-fevereiro-a-marco\/","title":{"rendered":"Pre\u00e7o do ovo de galinha subiu quase 20% de fevereiro a mar\u00e7o"},"content":{"rendered":"<p> <br \/>\n<\/p>\n<div id=\"hd80s9wa1h892edh8192\">\n<p>Em mar\u00e7o de 2025, o pre\u00e7o do ovo de galinha nos supermercados registrou um aumento de 19,44% em rela\u00e7\u00e3o a fevereiro, segundo o <strong>\u00cdndice Nacional de Pre\u00e7os ao Consumidor Amplo 15 (IPCA-15)<\/strong>, divulgado pelo <strong>Instituto Brasileiro de Geografia e Estat\u00edstica (IBGE)<\/strong>. No acumulado deste ano, a alta j\u00e1 chega a 25,88%.<\/p>\n<p><strong>+ Leia mais not\u00edcias de Economia em Oeste<\/strong><\/p>\n<p>O IPCA-15 avalia a varia\u00e7\u00e3o de pre\u00e7os entre o dia 16 do m\u00eas anterior e o dia 15 do m\u00eas de divulga\u00e7\u00e3o. Al\u00e9m das condi\u00e7\u00f5es da economia brasileira, esse aumento nos pre\u00e7os tem motiva\u00e7\u00e3o em fatores como o encarecimento do milho, o calor e a demanda elevada durante a Quaresma. No per\u00edodo de 40 dias que antecede a P\u00e1scoa, \u00e9 comum o fato de pessoas diminu\u00edrem o consumo de carne e procurarem outras fontes de prote\u00edna.<\/p>\n<p>Especialistas e produtores esperam que os pre\u00e7os dos ovos se estabilizem ao final da Quaresma. No entanto, a demanda elevada pode persistir depois desse per\u00edodo.<\/p>\n<p>A Associa\u00e7\u00e3o Brasileira de Prote\u00edna Animal (ABPA) tamb\u00e9m sugere que o aumento dos pre\u00e7os dos ovos \u00e9 comum na Quaresma, devido \u00e0 substitui\u00e7\u00e3o no consumo de carnes por prote\u00ednas brancas e ovos.<\/p>\n<h2 class=\"wp-block-heading\">Fatores de custo do ovo e impactos no mercado<\/h2>\n<figure class=\"wp-block-image aligncenter size-full\"><picture><source data-srcset=\"https:\/\/medias.revistaoeste.com\/wp-content\/uploads\/2023\/05\/shutterstock_2291214847.jpg.webp 1000w, https:\/\/medias.revistaoeste.com\/wp-content\/uploads\/2023\/05\/shutterstock_2291214847-300x200.jpg.webp 300w\" data-sizes=\"(max-width: 1000px) 100vw, 1000px\" type=\"image\/webp\"><img alt=\"\" fetchpriority=\"high\" decoding=\"async\" width=\"1000\" height=\"667\" src=\"https:\/\/medias.revistaoeste.com\/wp-content\/uploads\/2023\/05\/shutterstock_2291214847.jpg\" alt=\"\" class=\"wp-image-928005\" srcset=\"https:\/\/medias.revistaoeste.com\/wp-content\/uploads\/2023\/05\/shutterstock_2291214847.jpg 1000w, https:\/\/medias.revistaoeste.com\/wp-content\/uploads\/2023\/05\/shutterstock_2291214847-300x200.jpg 300w\" sizes=\"(max-width: 1000px) 100vw, 1000px\" data-eio=\"p\"\/><\/source><\/picture><figcaption class=\"wp-element-caption\">Cria\u00e7\u00e3o de galos e galinhas em granja av\u00edcola, no Brasil | Alf Ribeiro\/Shutterstock<\/figcaption><\/figure>\n<p>No entanto, a diretora administrativa do Instituto Ovos Brasil (IOB), Tabatha Lacerda, afirmou ao g1 que a alta de pre\u00e7os pr\u00e9-Quaresma ocorreu antes do esperado, e o efeito sazonal desse per\u00edodo demorou a se manifestar no mercado.<\/p>\n<p>A alta de pre\u00e7os em fevereiro causou uma leve retra\u00e7\u00e3o nas vendas de ovos no atacado, conforme o Cepea. <\/p>\n<p><strong>Leia tamb\u00e9m: \u201cO pa\u00eds do assistencialismo\u201d, reportagem de Carlo Cauti publicada na Edi\u00e7\u00e3o 261 da Revista Oeste<\/strong><\/p>\n<p>Outro entre os principais fatores para o aumento recente \u00e9 o custo do milho. O alimento \u00e9 base da dieta das galinhas e seu pre\u00e7o subiu 30% desde julho de 2024. Al\u00e9m disso, a ABPA informou que os custos com embalagens aumentaram mais de 100% nos \u00faltimos oito meses. As altas temperaturas tamb\u00e9m prejudicam a produtividade das aves, reduzindo a disponibilidade de ovos no mercado.<\/p>\n<figure class=\"wp-block-embed is-type-video is-provider-youtube wp-block-embed-youtube wp-embed-aspect-16-9 wp-has-aspect-ratio\">\n<div class=\"wp-block-embed__wrapper\">\n<div class=\"perfmatters-lazy-youtube\" data-src=\"https:\/\/www.youtube.com\/embed\/x9kfOJ3ebeA\" data-id=\"x9kfOJ3ebeA\" data-query=\"feature=oembed\" onclick=\"perfmattersLazyLoadYouTube(this);\">\n<div><img decoding=\"async\" alt=\"YouTube video\" width=\"480\" height=\"360\" data-pin-nopin=\"true\" nopin=\"nopin\" class=\"perfmatters-lazy\" src=\"https:\/\/i.ytimg.com\/vi\/x9kfOJ3ebeA\/hqdefault.jpg\"\/><img decoding=\"async\" src=\"https:\/\/i.ytimg.com\/vi\/x9kfOJ3ebeA\/hqdefault.jpg\" alt=\"YouTube video\" width=\"480\" height=\"360\" data-pin-nopin=\"true\" nopin=\"nopin\"\/><\/div>\n<\/div>\n<p><noscript><iframe title=\"A For\u00e7a do Agro, com Joice Maffezzolli - Apria cobra informa\u00e7\u00f5es do Ibama sobre apreens\u00e3o de bovinos\" width=\"800\" height=\"450\" src=\"https:\/\/www.youtube.com\/embed\/x9kfOJ3ebeA?feature=oembed\" frameborder=\"0\" allow=\"accelerometer; autoplay; clipboard-write; encrypted-media; gyroscope; picture-in-picture; web-share\" referrerpolicy=\"strict-origin-when-cross-origin\" allowfullscreen><\/iframe><\/noscript>\n<\/div>\n<\/figure><\/div>\n<p><br \/>\n<br \/>Fonte: <a href=\"https:\/\/revistaoeste.com\/economia\/preco-do-ovo-de-galinha-subiu-quase-20-de-fevereiro-a-marco\/\">Revista oeste<\/a><\/p>\n","protected":false},"excerpt":{"rendered":"<p>Em mar\u00e7o de 2025, o pre\u00e7o do ovo de galinha nos supermercados registrou um aumento de 19,44% em rela\u00e7\u00e3o a fevereiro, segundo o \u00cdndice Nacional de Pre\u00e7os ao Consumidor Amplo 15 (IPCA-15), divulgado pelo Instituto Brasileiro de Geografia e Estat\u00edstica (IBGE). No acumulado deste ano, a alta j\u00e1 chega a 25,88%. + Leia mais not\u00edcias [&hellip;]<\/p>\n","protected":false},"author":5,"featured_media":8556,"comment_status":"open","ping_status":"open","sticky":false,"template":"","format":"standard","meta":{"_seopress_robots_primary_cat":"","_seopress_titles_title":"","_seopress_titles_desc":"","_seopress_robots_index":"","footnotes":""},"categories":[45],"tags":[],"class_list":["post-8555","post","type-post","status-publish","format-standard","has-post-thumbnail","hentry","category-economia"],"_links":{"self":[{"href":"https:\/\/mussicom.com\/noticias\/wp-json\/wp\/v2\/posts\/8555","targetHints":{"allow":["GET"]}}],"collection":[{"href":"https:\/\/mussicom.com\/noticias\/wp-json\/wp\/v2\/posts"}],"about":[{"href":"https:\/\/mussicom.com\/noticias\/wp-json\/wp\/v2\/types\/post"}],"author":[{"embeddable":true,"href":"https:\/\/mussicom.com\/noticias\/wp-json\/wp\/v2\/users\/5"}],"replies":[{"embeddable":true,"href":"https:\/\/mussicom.com\/noticias\/wp-json\/wp\/v2\/comments?post=8555"}],"version-history":[{"count":0,"href":"https:\/\/mussicom.com\/noticias\/wp-json\/wp\/v2\/posts\/8555\/revisions"}],"wp:featuredmedia":[{"embeddable":true,"href":"https:\/\/mussicom.com\/noticias\/wp-json\/wp\/v2\/media\/8556"}],"wp:attachment":[{"href":"https:\/\/mussicom.com\/noticias\/wp-json\/wp\/v2\/media?parent=8555"}],"wp:term":[{"taxonomy":"category","embeddable":true,"href":"https:\/\/mussicom.com\/noticias\/wp-json\/wp\/v2\/categories?post=8555"},{"taxonomy":"post_tag","embeddable":true,"href":"https:\/\/mussicom.com\/noticias\/wp-json\/wp\/v2\/tags?post=8555"}],"curies":[{"name":"wp","href":"https:\/\/api.w.org\/{rel}","templated":true}]}}