{"id":8523,"date":"2025-03-28T08:12:03","date_gmt":"2025-03-28T11:12:03","guid":{"rendered":"https:\/\/mussicom.com\/gleisi-critica-oposicao-e-diz-que-obstruir-e-colocar-interesses-de-bolsonaro-a-frente-do-brasil\/"},"modified":"2025-03-28T08:12:03","modified_gmt":"2025-03-28T11:12:03","slug":"gleisi-critica-oposicao-e-diz-que-obstruir-e-colocar-interesses-de-bolsonaro-a-frente-do-brasil","status":"publish","type":"post","link":"https:\/\/mussicom.com\/noticias\/gleisi-critica-oposicao-e-diz-que-obstruir-e-colocar-interesses-de-bolsonaro-a-frente-do-brasil\/","title":{"rendered":"Gleisi critica oposi\u00e7\u00e3o e diz que \u201cobstruir \u00e9 colocar interesses de Bolsonaro \u00e0 frente do Brasil\u201d"},"content":{"rendered":"<p> <br \/>\n<\/p>\n<div><\/p>\n<div>A obstru\u00e7\u00e3o foi anunciada pelo PL ap\u00f3s a Primeira Turma do STF aceitar a den\u00fancia da PGR e tornar Bolsonaro r\u00e9u por suposta \u201ctrama golpista\u201d.<\/div>\n<\/div>\n<p><br \/>\n<br \/>Fonte: <a href=\"https:\/\/www.gazetadopovo.com.br\/republica\/gleisi-critica-oposicao-e-diz-que-obstruir-e-colocar-interesses-de-bolsonaro-a-frente-do-brasil\/\">Revista Oeste<\/a><\/p>\n","protected":false},"excerpt":{"rendered":"<p>A obstru\u00e7\u00e3o foi anunciada pelo PL ap\u00f3s a Primeira Turma do STF aceitar a den\u00fancia da PGR e tornar Bolsonaro r\u00e9u por suposta \u201ctrama golpista\u201d. Fonte: Revista Oeste<\/p>\n","protected":false},"author":5,"featured_media":8524,"comment_status":"open","ping_status":"open","sticky":false,"template":"","format":"standard","meta":{"_seopress_robots_primary_cat":"","_seopress_titles_title":"","_seopress_titles_desc":"","_seopress_robots_index":"","footnotes":""},"categories":[1],"tags":[],"class_list":["post-8523","post","type-post","status-publish","format-standard","has-post-thumbnail","hentry","category-ultimas-noticias"],"_links":{"self":[{"href":"https:\/\/mussicom.com\/noticias\/wp-json\/wp\/v2\/posts\/8523","targetHints":{"allow":["GET"]}}],"collection":[{"href":"https:\/\/mussicom.com\/noticias\/wp-json\/wp\/v2\/posts"}],"about":[{"href":"https:\/\/mussicom.com\/noticias\/wp-json\/wp\/v2\/types\/post"}],"author":[{"embeddable":true,"href":"https:\/\/mussicom.com\/noticias\/wp-json\/wp\/v2\/users\/5"}],"replies":[{"embeddable":true,"href":"https:\/\/mussicom.com\/noticias\/wp-json\/wp\/v2\/comments?post=8523"}],"version-history":[{"count":0,"href":"https:\/\/mussicom.com\/noticias\/wp-json\/wp\/v2\/posts\/8523\/revisions"}],"wp:featuredmedia":[{"embeddable":true,"href":"https:\/\/mussicom.com\/noticias\/wp-json\/wp\/v2\/media\/8524"}],"wp:attachment":[{"href":"https:\/\/mussicom.com\/noticias\/wp-json\/wp\/v2\/media?parent=8523"}],"wp:term":[{"taxonomy":"category","embeddable":true,"href":"https:\/\/mussicom.com\/noticias\/wp-json\/wp\/v2\/categories?post=8523"},{"taxonomy":"post_tag","embeddable":true,"href":"https:\/\/mussicom.com\/noticias\/wp-json\/wp\/v2\/tags?post=8523"}],"curies":[{"name":"wp","href":"https:\/\/api.w.org\/{rel}","templated":true}]}}